{"id":13760,"date":"2024-09-28T21:12:44","date_gmt":"2024-09-29T01:12:44","guid":{"rendered":"https:\/\/prensapresidencialvenezuela.gob.ve\/?p=13760"},"modified":"2024-09-29T12:12:42","modified_gmt":"2024-09-29T16:12:42","slug":"presidente-maduro-vamos-a-la-revolucion-educativa-de-la-calidad","status":"publish","type":"post","link":"https:\/\/prensapresidencialvenezuela.gob.ve\/index.php\/2024\/09\/28\/presidente-maduro-vamos-a-la-revolucion-educativa-de-la-calidad\/","title":{"rendered":"Presidente Maduro: Vamos a la revoluci\u00f3n educativa"},"content":{"rendered":"\n<p><strong>Catia La Mar, estado La Guaira \u2013<\/strong> El presidente de la Rep\u00fablica Bolivariana de Venezuela, Nicol\u00e1s Maduro, a prop\u00f3sito de la Gran Victoria popular del pasado 28 de julio, anunci\u00f3 el arranque del per\u00edodo escolar del per\u00edodo 2024-2025.<\/p>\n\n\n\n<p>&nbsp;\u201cEl lunes tenemos fiesta porque arranca el a\u00f1o escolar 2025, hay que poner de paquete todas las escuelas, liceos, este va a ser el mejor a\u00f1o escolar que se haya visto en Venezuela. Vamos a la revoluci\u00f3n educativa de la calidad\u201d, anunci\u00f3 el presidente Maduro.<\/p>\n\n\n\n<p>En este sentido, inform\u00f3 que se est\u00e1n preparando los planes para terminar la recuperaci\u00f3n, con las Bricomiles, de todos los liceos, escuelas, universidad; no s\u00f3lo la infraestructura \u2013 dijo -hay que mejorar la&nbsp; calidad&nbsp; la educaci\u00f3n, llenar de valores, conocimiento, ciencia, llenar de consciencia, forjar el car\u00e1cter de nuestras ni\u00f1as y ni\u00f1os, para \u201ccuidar el futuro de la patria\u201d, destac\u00f3 el Jefe de Estado.<\/p>\n\n\n\n<p>De la misma forma, el Dignatario destac\u00f3 su amor por la Patria, \u201ccuando es un patriota de verdad, uno ama a este terru\u00f1o llamado Venezuela&nbsp; cuando uno est\u00e1 dispuesto a&nbsp; dar la vida por esta Patria, la vida tiene un sentido, la vida tiene un sentido que es construirle la Patria a los ni\u00f1os prepararlos los protagonistas de las pel\u00edculas del futuro, de la Venezuela potencia, (\u2026) nosotros con estas manos, vamos a construir y le vamos a dejar una patria potencia a esa generaci\u00f3n que&nbsp; viene atr\u00e1s, as\u00ed va ser compatriotas, el nombre del padre, esp\u00edritu santo, patria libre con amor\u201d.<\/p>\n\n\n\n<p>Como dijo el General Bol\u00edvar, luchamos por el derecho a la felicidad, el futuro, \u201cel mejor sistema de gobierno es aquel que le proporciona a su pueblo, la mayor suma de felicidad social\u201d.<\/p>\n\n\n\n<p>Pregunt\u00f3 \u201cy \u00bfque ser\u00e1 el socialismo? La sociedad de la igualdad, la libertad, la verdad y la sociedad donde el ser individual y social logra su realizaci\u00f3n, que es la m\u00e1xima de felicidad social\u201d.<\/p>\n\n\n\n<p>Asimismo, recalc\u00f3 que ese tiene que ser el ideal del Socialismo Bolivariano. \u201cPor eso ustedes me eligieron para construir la felicidad, el socialismo y por eso lo eleg\u00ed a ustedes, como el pueblo m\u00e1s maravilloso que existe en todo&nbsp; este planeta tierra. \u00a1Que viva la Guaira! \u00a1Que viva el derecho a la felicidad social! \u00a1Que viva Ch\u00e1vez!\u201d.<\/p>\n\n\n\n<p>Prensa presidencial \/ Geraldine Quintero<\/p>\n","protected":false},"excerpt":{"rendered":"<p>Catia La Mar, estado La Guaira \u2013 El presidente de la Rep\u00fablica Bolivariana de Venezuela, Nicol\u00e1s Maduro, a prop\u00f3sito de la Gran Victoria popular del pasado 28 de julio, anunci\u00f3 el arranque del per\u00edodo escolar del per\u00edodo 2024-2025. &nbsp;\u201cEl lunes tenemos fiesta porque arranca el a\u00f1o escolar 2025, hay que poner de paquete todas las [&hellip;]<\/p>\n","protected":false},"author":1,"featured_media":13761,"comment_status":"open","ping_status":"open","sticky":false,"template":"","format":"standard","meta":{"footnotes":""},"categories":[18,7],"tags":[562,447,560,500],"class_list":["post-13760","post","type-post","status-publish","format-standard","has-post-thumbnail","hentry","category-noticias-principales","category-notas-de-prensa","tag-calidad","tag-eduacacion","tag-proyectos","tag-revolucion"],"_links":{"self":[{"href":"https:\/\/prensapresidencialvenezuela.gob.ve\/index.php\/wp-json\/wp\/v2\/posts\/13760","targetHints":{"allow":["GET"]}}],"collection":[{"href":"https:\/\/prensapresidencialvenezuela.gob.ve\/index.php\/wp-json\/wp\/v2\/posts"}],"about":[{"href":"https:\/\/prensapresidencialvenezuela.gob.ve\/index.php\/wp-json\/wp\/v2\/types\/post"}],"author":[{"embeddable":true,"href":"https:\/\/prensapresidencialvenezuela.gob.ve\/index.php\/wp-json\/wp\/v2\/users\/1"}],"replies":[{"embeddable":true,"href":"https:\/\/prensapresidencialvenezuela.gob.ve\/index.php\/wp-json\/wp\/v2\/comments?post=13760"}],"version-history":[{"count":3,"href":"https:\/\/prensapresidencialvenezuela.gob.ve\/index.php\/wp-json\/wp\/v2\/posts\/13760\/revisions"}],"predecessor-version":[{"id":13772,"href":"https:\/\/prensapresidencialvenezuela.gob.ve\/index.php\/wp-json\/wp\/v2\/posts\/13760\/revisions\/13772"}],"wp:featuredmedia":[{"embeddable":true,"href":"https:\/\/prensapresidencialvenezuela.gob.ve\/index.php\/wp-json\/wp\/v2\/media\/13761"}],"wp:attachment":[{"href":"https:\/\/prensapresidencialvenezuela.gob.ve\/index.php\/wp-json\/wp\/v2\/media?parent=13760"}],"wp:term":[{"taxonomy":"category","embeddable":true,"href":"https:\/\/prensapresidencialvenezuela.gob.ve\/index.php\/wp-json\/wp\/v2\/categories?post=13760"},{"taxonomy":"post_tag","embeddable":true,"href":"https:\/\/prensapresidencialvenezuela.gob.ve\/index.php\/wp-json\/wp\/v2\/tags?post=13760"}],"curies":[{"name":"wp","href":"https:\/\/api.w.org\/{rel}","templated":true}]}}