{"id":13808,"date":"2024-09-30T21:17:19","date_gmt":"2024-10-01T01:17:19","guid":{"rendered":"https:\/\/prensapresidencialvenezuela.gob.ve\/?p=13808"},"modified":"2024-09-30T21:17:19","modified_gmt":"2024-10-01T01:17:19","slug":"el-mundo-necesita-a-venezuela-en-su-ecuacion-energetica","status":"publish","type":"post","link":"https:\/\/prensapresidencialvenezuela.gob.ve\/index.php\/2024\/09\/30\/el-mundo-necesita-a-venezuela-en-su-ecuacion-energetica\/","title":{"rendered":"El mundo necesita a Venezuela en su ecuaci\u00f3n energ\u00e9tica \u00a0"},"content":{"rendered":"\n<p><strong>Galer\u00eda de Arte Nacional, Caracas.- <\/strong>El jefe de Estado y Gobierno venezolano, Nicol\u00e1s Maduro Moros, durante la transmisi\u00f3n de su programa <em>Con Maduro +,<\/em> enfatiz\u00f3 el potencial de Venezuela para convertirse en un actor clave en el mercado energ\u00e9tico global.<\/p>\n\n\n\n<p>\u00abEl mundo necesita a Venezuela en su ecuaci\u00f3n energ\u00e9tica para la estabilidad\u00bb, subray\u00f3 el presidente Maduro.<\/p>\n\n\n\n<p>El Dignatario explic\u00f3 que, a pesar de las sanciones, el pa\u00eds est\u00e1 a punto de certificar \u00abla cuarta reserva m\u00e1s grande del mundo en gas\u00bb, informando que Venezuela ha establecido \u00abasociaciones estrat\u00e9gicas internacionales\u00bb, para iniciar la exportaci\u00f3n de gas.<\/p>\n\n\n\n<p>En este sentido mencion\u00f3 los acuerdos con Trinidad y Tobago y otros inversionistas globales, destacando que \u00abeso va a ser un ingreso muy importante en el futuro para la econom\u00eda venezolana\u00bb, asegur\u00f3.<\/p>\n\n\n\n<p>El Mandatario tambi\u00e9n defendi\u00f3 la continuidad del legado del comandante Hugo Ch\u00e1vez, afirmando que, aunque el plan original se vio afectado por \u00ablas sanciones, la guerra econ\u00f3mica\u00bb, el pa\u00eds ha logrado \u00abretomar el ritmo\u00bb. Enfatiz\u00f3 que \u00abm\u00e1s temprano que tarde, vamos a ser un pa\u00eds exportador de energ\u00eda a trav\u00e9s del gas\u00bb.<\/p>\n\n\n\n<p>Asimismo, destac\u00f3 que el Gobierno Bolivariano es el \u00fanico que puede ofrecer \u00abseguridad a las inversiones y a la producci\u00f3n de energ\u00eda de petr\u00f3leo y de gas en este lugar del planeta, en Suram\u00e9rica, en Venezuela\u00bb.<\/p>\n\n\n\n<p><strong>Prensa Presidencial \/ Eduardo Hueck<\/strong><strong><\/strong><\/p>\n","protected":false},"excerpt":{"rendered":"<p>Galer\u00eda de Arte Nacional, Caracas.- El jefe de Estado y Gobierno venezolano, Nicol\u00e1s Maduro Moros, durante la transmisi\u00f3n de su programa Con Maduro +, enfatiz\u00f3 el potencial de Venezuela para convertirse en un actor clave en el mercado energ\u00e9tico global. \u00abEl mundo necesita a Venezuela en su ecuaci\u00f3n energ\u00e9tica para la estabilidad\u00bb, subray\u00f3 el presidente [&hellip;]<\/p>\n","protected":false},"author":1,"featured_media":13809,"comment_status":"open","ping_status":"open","sticky":false,"template":"","format":"standard","meta":{"footnotes":""},"categories":[18,7],"tags":[903,902,20],"class_list":["post-13808","post","type-post","status-publish","format-standard","has-post-thumbnail","hentry","category-noticias-principales","category-notas-de-prensa","tag-ecuacion","tag-energia","tag-venezuela"],"_links":{"self":[{"href":"https:\/\/prensapresidencialvenezuela.gob.ve\/index.php\/wp-json\/wp\/v2\/posts\/13808","targetHints":{"allow":["GET"]}}],"collection":[{"href":"https:\/\/prensapresidencialvenezuela.gob.ve\/index.php\/wp-json\/wp\/v2\/posts"}],"about":[{"href":"https:\/\/prensapresidencialvenezuela.gob.ve\/index.php\/wp-json\/wp\/v2\/types\/post"}],"author":[{"embeddable":true,"href":"https:\/\/prensapresidencialvenezuela.gob.ve\/index.php\/wp-json\/wp\/v2\/users\/1"}],"replies":[{"embeddable":true,"href":"https:\/\/prensapresidencialvenezuela.gob.ve\/index.php\/wp-json\/wp\/v2\/comments?post=13808"}],"version-history":[{"count":1,"href":"https:\/\/prensapresidencialvenezuela.gob.ve\/index.php\/wp-json\/wp\/v2\/posts\/13808\/revisions"}],"predecessor-version":[{"id":13810,"href":"https:\/\/prensapresidencialvenezuela.gob.ve\/index.php\/wp-json\/wp\/v2\/posts\/13808\/revisions\/13810"}],"wp:featuredmedia":[{"embeddable":true,"href":"https:\/\/prensapresidencialvenezuela.gob.ve\/index.php\/wp-json\/wp\/v2\/media\/13809"}],"wp:attachment":[{"href":"https:\/\/prensapresidencialvenezuela.gob.ve\/index.php\/wp-json\/wp\/v2\/media?parent=13808"}],"wp:term":[{"taxonomy":"category","embeddable":true,"href":"https:\/\/prensapresidencialvenezuela.gob.ve\/index.php\/wp-json\/wp\/v2\/categories?post=13808"},{"taxonomy":"post_tag","embeddable":true,"href":"https:\/\/prensapresidencialvenezuela.gob.ve\/index.php\/wp-json\/wp\/v2\/tags?post=13808"}],"curies":[{"name":"wp","href":"https:\/\/api.w.org\/{rel}","templated":true}]}}