{"id":13811,"date":"2024-09-30T21:23:20","date_gmt":"2024-10-01T01:23:20","guid":{"rendered":"https:\/\/prensapresidencialvenezuela.gob.ve\/?p=13811"},"modified":"2024-09-30T21:23:54","modified_gmt":"2024-10-01T01:23:54","slug":"el-pueblo-decidio-seguir-su-marcha-junto-a-la-gestion-democratica-bolivariana","status":"publish","type":"post","link":"https:\/\/prensapresidencialvenezuela.gob.ve\/index.php\/2024\/09\/30\/el-pueblo-decidio-seguir-su-marcha-junto-a-la-gestion-democratica-bolivariana\/","title":{"rendered":"El pueblo decidi\u00f3 seguir su marcha junto a la gesti\u00f3n democr\u00e1tica bolivariana"},"content":{"rendered":"\n<p><strong>Galer\u00eda de Arte Nacional, Caracas.- <\/strong>Durante su programa de televisi\u00f3n <em>Con Maduro +, <\/em>el jefe de Estado y Gobierno, Nicol\u00e1s Maduro, ratific\u00f3 que el pueblo decidi\u00f3 que el presidente de Venezuela es \u00e9l, por lo que, manifest\u00f3, se juramentar\u00e1 en enero de 2025, ante el Poder Legislativo del pa\u00eds.<\/p>\n\n\n\n<p>\u00ab(\u2026) Nuestro pueblo no es cobarde ni sumiso, que se va a atemorizar, est\u00e1 preparado, si no, no estuvi\u00e9ramos victoriosos despu\u00e9s de tantas amenazas externas\u00bb, destac\u00f3.<\/p>\n\n\n\n<p>El mandatario subray\u00f3: \u00abEl pueblo venezolano decidi\u00f3 que la revoluci\u00f3n democr\u00e1tica bolivariana socialista sigue su marcha\u00bb, enfatizando que \u00abel presidente se llama Nicol\u00e1s Maduro Moros\u00bb.<\/p>\n\n\n\n<p>En este contexto, destac\u00f3 la importancia del respeto a la Constituci\u00f3n y la legitimidad de los resultados electorales, indicando que \u00abel Tribunal Supremo de Justicia, la Sala Electoral, hizo un peritaje profesional con presencia nacional e internacional y ratific\u00f3 constitucionalmente, judicialmente, legalmente, los resultados emanados del Poder Electoral como manda la Constituci\u00f3n y las leyes\u00bb, subray\u00f3.<\/p>\n\n\n\n<p>Maduro reiter\u00f3: \u00abEn Venezuela se va a cumplir la ley, se va a cumplir la Constituci\u00f3n y se va a cumplir la voluntad del pueblo\u00bb, resaltando el empoderamiento del pueblo venezolano.<\/p>\n\n\n\n<p>\u00abEste pueblo que est\u00e1 movilizado, activo, cada vez m\u00e1s organizado, cada vez m\u00e1s moralizado\u00bb, haciendo hincapi\u00e9 en la fortaleza hist\u00f3rica del pueblo.<\/p>\n\n\n\n<p>\u00abNuestro pueblo no es un pueblo cobarde, nuestro pueblo no es un pueblo sumiso que se va a atemorizar, nuestro pueblo est\u00e1 curtido hist\u00f3ricamente, pero adem\u00e1s est\u00e1 curtido en la lucha de estos a\u00f1os, est\u00e1 preparado, si no, no estuvi\u00e9ramos victoriosos despu\u00e9s de tanta guerra econ\u00f3mica, tanta guerra psicol\u00f3gica, despu\u00e9s de tanta agresi\u00f3n pol\u00edtica, despu\u00e9s de tantas amenazas externas\u00bb, exalt\u00f3.<\/p>\n\n\n\n<p>El presidente Maduro record\u00f3: \u00abLa Constituci\u00f3n dice el presidente electo proclamado por las autoridades se juramentar\u00e1 el 10 de enero del a\u00f1o pr\u00f3ximo a su elecci\u00f3n. Listo, fecha fija, fecha constitucional, es un mandato Constitucional\u00bb, destacando que se presentar\u00e1 ante la Asamblea Nacional, presidida por el diputado Jorge Rodr\u00edguez, para cumplir con este mandato.<\/p>\n\n\n\n<p>El presidente reiter\u00f3 que la Revoluci\u00f3n Bolivariana no depende \u00abde un hombre, no es Maduro, es un pueblo que est\u00e1 empoderado, consciente, organizado y que no se va a dejar quitar Venezuela, no se va a dejar quitar la Revoluci\u00f3n, no se va a dejar quitar la Constituci\u00f3n, este es un pueblo que ha logrado un nivel de uni\u00f3n de su Poder Popular, poder militar, poder policial, de la fusi\u00f3n C\u00edvico-Militar-Policial, \u00fanico en la historia\u00bb.<\/p>\n\n\n\n<p><strong>Prensa Presidencial \/ Eduardo Hueck<\/strong><strong><\/strong><\/p>\n","protected":false},"excerpt":{"rendered":"<p>Galer\u00eda de Arte Nacional, Caracas.- Durante su programa de televisi\u00f3n Con Maduro +, el jefe de Estado y Gobierno, Nicol\u00e1s Maduro, ratific\u00f3 que el pueblo decidi\u00f3 que el presidente de Venezuela es \u00e9l, por lo que, manifest\u00f3, se juramentar\u00e1 en enero de 2025, ante el Poder Legislativo del pa\u00eds. \u00ab(\u2026) Nuestro pueblo no es cobarde [&hellip;]<\/p>\n","protected":false},"author":1,"featured_media":13812,"comment_status":"open","ping_status":"open","sticky":false,"template":"","format":"standard","meta":{"footnotes":""},"categories":[18,7],"tags":[904,464,547,451],"class_list":["post-13811","post","type-post","status-publish","format-standard","has-post-thumbnail","hentry","category-noticias-principales","category-notas-de-prensa","tag-bolivariana","tag-gestion","tag-marcha","tag-pueblo"],"_links":{"self":[{"href":"https:\/\/prensapresidencialvenezuela.gob.ve\/index.php\/wp-json\/wp\/v2\/posts\/13811","targetHints":{"allow":["GET"]}}],"collection":[{"href":"https:\/\/prensapresidencialvenezuela.gob.ve\/index.php\/wp-json\/wp\/v2\/posts"}],"about":[{"href":"https:\/\/prensapresidencialvenezuela.gob.ve\/index.php\/wp-json\/wp\/v2\/types\/post"}],"author":[{"embeddable":true,"href":"https:\/\/prensapresidencialvenezuela.gob.ve\/index.php\/wp-json\/wp\/v2\/users\/1"}],"replies":[{"embeddable":true,"href":"https:\/\/prensapresidencialvenezuela.gob.ve\/index.php\/wp-json\/wp\/v2\/comments?post=13811"}],"version-history":[{"count":2,"href":"https:\/\/prensapresidencialvenezuela.gob.ve\/index.php\/wp-json\/wp\/v2\/posts\/13811\/revisions"}],"predecessor-version":[{"id":13814,"href":"https:\/\/prensapresidencialvenezuela.gob.ve\/index.php\/wp-json\/wp\/v2\/posts\/13811\/revisions\/13814"}],"wp:featuredmedia":[{"embeddable":true,"href":"https:\/\/prensapresidencialvenezuela.gob.ve\/index.php\/wp-json\/wp\/v2\/media\/13812"}],"wp:attachment":[{"href":"https:\/\/prensapresidencialvenezuela.gob.ve\/index.php\/wp-json\/wp\/v2\/media?parent=13811"}],"wp:term":[{"taxonomy":"category","embeddable":true,"href":"https:\/\/prensapresidencialvenezuela.gob.ve\/index.php\/wp-json\/wp\/v2\/categories?post=13811"},{"taxonomy":"post_tag","embeddable":true,"href":"https:\/\/prensapresidencialvenezuela.gob.ve\/index.php\/wp-json\/wp\/v2\/tags?post=13811"}],"curies":[{"name":"wp","href":"https:\/\/api.w.org\/{rel}","templated":true}]}}