{"id":13837,"date":"2024-09-30T23:00:00","date_gmt":"2024-10-01T03:00:00","guid":{"rendered":"https:\/\/prensapresidencialvenezuela.gob.ve\/?p=13837"},"modified":"2024-10-01T11:40:10","modified_gmt":"2024-10-01T15:40:10","slug":"presidente-maduro-estamos-viviendo-el-ocaso-de-la-decadencia-imperial-de-occidente","status":"publish","type":"post","link":"https:\/\/prensapresidencialvenezuela.gob.ve\/index.php\/2024\/09\/30\/presidente-maduro-estamos-viviendo-el-ocaso-de-la-decadencia-imperial-de-occidente\/","title":{"rendered":"Presidente Maduro: Estamos viviendo el ocaso de la decadencia imperial de Occidente"},"content":{"rendered":"\n<p><strong>Galer\u00eda de Arte Nacional, Caracas.- <\/strong>&lt;&lt;Estamos viviendo el ocaso de la decadencia imperial de Occidente>>, las palabras corresponden al presidente de la Rep\u00fablica Bolivariana de Venezuela, Nicol\u00e1s Maduro Moros, quien advirti\u00f3 que el Occidente se vuelve m\u00e1s peligroso porque \u201cquieren defender su hegemon\u00eda, su dominio a bombazos, con guerra, no les importa nada\u201d.<\/p>\n\n\n\n<p>El Dignatario expres\u00f3 optimismo, se\u00f1alando que &lt;&lt;la humanidad sabr\u00e1 responder a esto>>, ya que los &lt;&lt;momentos dolorosos de incertidumbre que viven varias regiones del mundo ser\u00e1n compensados con batallas y victorias futuras>>.<\/p>\n\n\n\n<p>El Mandatario venezolano reiter\u00f3 que &lt;&lt;estamos viviendo el inicio del final del mundo de la dominaci\u00f3n occidental, del mundo imperial, del mundo colonial&gt;&gt;, a\u00f1adiendo que &lt;&lt;ya naci\u00f3 el otro mundo y no nos lo van a quitar, como no nos van a quitar a Venezuela, como no nos van a quitar la paz de Am\u00e9rica Latina&gt;&gt;.<\/p>\n\n\n\n<p>Asimismo, explic\u00f3 sobre las negociaciones de paz en Medio Oriente planteadas por Estados Unidos y con Qatar como mediador, en la que participaron varios actores regionales.<\/p>\n\n\n\n<p>&lt;&lt;Ah\u00ed particip\u00f3 Ir\u00e1n, participaron los Palestinos, incluyendo a Ham\u00e1s, particip\u00f3 el Libano, incluyendo a Has\u00e1n Nasral\u00e1[l\u00edder de pol\u00edtico] y participaron otros factores del mundo \u00e1rabe. \u00bfY para qu\u00e9 utiliz\u00f3 Estados Unidos la negociaci\u00f3n? Para enga\u00f1ar con posibles acuerdos de paz. Cuando se iban a firmar se ca\u00edan, se disolv\u00edan y mientras se ca\u00eda cada acuerdo de paz llegaban las para matar al pueblo de Palestina, mientras se estaba negociando mataron al l\u00edder de Ham\u00e1s en la ciudad de Teher\u00e1n, all\u00e1 en la m\u00edtica Ir\u00e1n y mientras se negociaba acuerdos de paz para resolver diplom\u00e1ticamente todo conflicto, bombardean edificios y matan a m\u00e1s de mil personas en el bombardeo de edificios de residencia, donde viven familias. Lugares de residencia con avenidas centrales&gt;&gt;, puntualiz\u00f3.<\/p>\n\n\n\n<p>El presidente Nicol\u00e1s Maduro tambi\u00e9n mencion\u00f3 los ataques a Beirut, destacando que estos ataques ten\u00edan como objetivo &lt;&lt;matar al l\u00edder pol\u00edtico Has\u00e1n Nasral\u00e1 que estaba negociando acuerdos de paz con justicia en todo el Medio Oriente>>.<\/p>\n\n\n\n<p>&lt;&lt;As\u00ed que la negociaci\u00f3n sirvi\u00f3 para el enga\u00f1o, para echarle tierra en los ojos a quienes negociaban mientras los bombardean, los matan, los dividen y tratan de exterminar a los pueblos musulmanes, a los pueblos \u00e1rabes&gt;&gt;, asever\u00f3.<\/p>\n\n\n\n<p>Durante su programa <em>\u201cCon Maduro +\u201d<\/em>, denunci\u00f3 que desde &lt;&lt;Nueva York, desde la sede de Naciones Unidas se ordenaron, por primera vez en la historia, bombardeos contra ciudades habitadas por miles de personas y se mataron a centenares de personas, ordenados en Nueva York y el mundo calla&gt;&gt;.<\/p>\n\n\n\n<p>En este sentido, compar\u00f3 la situaci\u00f3n actual con las acciones del fascismo hist\u00f3rico: &lt;&lt;Es la misma impunidad con que actu\u00f3 Mussolini, Hitler, Franco es la misma impunidad del nazismo, del fascismo que quiere volver, pero no, no volver\u00e1n&gt;&gt;, subray\u00f3.<\/p>\n\n\n\n<p><strong>Prensa Presidencial \/ Eduardo Hueck<\/strong><\/p>\n","protected":false},"excerpt":{"rendered":"<p>Galer\u00eda de Arte Nacional, Caracas.- &lt;&lt;Estamos viviendo el ocaso de la decadencia imperial de Occidente>>, las palabras corresponden al presidente de la Rep\u00fablica Bolivariana de Venezuela, Nicol\u00e1s Maduro Moros, quien advirti\u00f3 que el Occidente se vuelve m\u00e1s peligroso porque \u201cquieren defender su hegemon\u00eda, su dominio a bombazos, con guerra, no les importa nada\u201d. El Dignatario [&hellip;]<\/p>\n","protected":false},"author":1,"featured_media":13809,"comment_status":"open","ping_status":"open","sticky":false,"template":"","format":"standard","meta":{"footnotes":""},"categories":[18,7],"tags":[38,19,27,20],"class_list":["post-13837","post","type-post","status-publish","format-standard","has-post-thumbnail","hentry","category-noticias-principales","category-notas-de-prensa","tag-diplomacia-bolivariana-de-paz","tag-nicolas-maduro","tag-revolucion-bolivariana","tag-venezuela"],"_links":{"self":[{"href":"https:\/\/prensapresidencialvenezuela.gob.ve\/index.php\/wp-json\/wp\/v2\/posts\/13837","targetHints":{"allow":["GET"]}}],"collection":[{"href":"https:\/\/prensapresidencialvenezuela.gob.ve\/index.php\/wp-json\/wp\/v2\/posts"}],"about":[{"href":"https:\/\/prensapresidencialvenezuela.gob.ve\/index.php\/wp-json\/wp\/v2\/types\/post"}],"author":[{"embeddable":true,"href":"https:\/\/prensapresidencialvenezuela.gob.ve\/index.php\/wp-json\/wp\/v2\/users\/1"}],"replies":[{"embeddable":true,"href":"https:\/\/prensapresidencialvenezuela.gob.ve\/index.php\/wp-json\/wp\/v2\/comments?post=13837"}],"version-history":[{"count":2,"href":"https:\/\/prensapresidencialvenezuela.gob.ve\/index.php\/wp-json\/wp\/v2\/posts\/13837\/revisions"}],"predecessor-version":[{"id":13846,"href":"https:\/\/prensapresidencialvenezuela.gob.ve\/index.php\/wp-json\/wp\/v2\/posts\/13837\/revisions\/13846"}],"wp:featuredmedia":[{"embeddable":true,"href":"https:\/\/prensapresidencialvenezuela.gob.ve\/index.php\/wp-json\/wp\/v2\/media\/13809"}],"wp:attachment":[{"href":"https:\/\/prensapresidencialvenezuela.gob.ve\/index.php\/wp-json\/wp\/v2\/media?parent=13837"}],"wp:term":[{"taxonomy":"category","embeddable":true,"href":"https:\/\/prensapresidencialvenezuela.gob.ve\/index.php\/wp-json\/wp\/v2\/categories?post=13837"},{"taxonomy":"post_tag","embeddable":true,"href":"https:\/\/prensapresidencialvenezuela.gob.ve\/index.php\/wp-json\/wp\/v2\/tags?post=13837"}],"curies":[{"name":"wp","href":"https:\/\/api.w.org\/{rel}","templated":true}]}}