{"id":13847,"date":"2024-10-01T19:31:34","date_gmt":"2024-10-01T23:31:34","guid":{"rendered":"https:\/\/prensapresidencialvenezuela.gob.ve\/?p=13847"},"modified":"2024-10-01T19:31:35","modified_gmt":"2024-10-01T23:31:35","slug":"estamos-en-la-construccion-del-mundo-nuevo-dijo-el-presidente-maduro","status":"publish","type":"post","link":"https:\/\/prensapresidencialvenezuela.gob.ve\/index.php\/2024\/10\/01\/estamos-en-la-construccion-del-mundo-nuevo-dijo-el-presidente-maduro\/","title":{"rendered":"\u00abEstamos en la construcci\u00f3n del mundo nuevo\u00bb, dijo el presidente Maduro"},"content":{"rendered":"\n<p><strong>Cuartel de la Monta\u00f1a 4F, Caracas.-<\/strong> El presidente de la Rep\u00fablica Bolivariana de Venezuela, Nicol\u00e1s Maduro Moros, afirm\u00f3 desde el Cuartel de la Monta\u00f1a, al asistir al homenaje del l\u00edder revolucionario Robert Serra, quien cumple diez a\u00f1os desde su siembra, que el pa\u00eds est\u00e1 avanzando cada d\u00eda con fuerza por la construcci\u00f3n del mundo nuevo.<\/p>\n\n\n\n<p>\u00abHoy se cumplen 10 a\u00f1os desde que \u00c1lvaro Uribe V\u00e9lez, con un grupo de sicarios mand\u00f3 a asesinar a Robert Serra, y diez a\u00f1os despu\u00e9s decimos: \u201cRobert est\u00e1 en todas nuestras luchas y podemos decir \u00e9l vive en nuestros corazones, porque fue un joven con un esp\u00edritu inmortal\u201d\u00bb.<\/p>\n\n\n\n<p>El Mandatario nacional dijo que Robert Serra siempre es recordado y acompa\u00f1a la lucha en esta batalla que se est\u00e1 dando, por el futuro de Venezuela y de la juventud.<\/p>\n\n\n\n<p>El presidente Maduro detall\u00f3 que en cuartel de la Monta\u00f1a, donde se le rinde homenaje a Robert Serra, se iniciaron las operaciones de la Revoluci\u00f3n Bolivariana donde se inicio el m\u00e1s poderoso movimiento social, pol\u00edtico, cultural y revolucionario que haya tenido Venezuela, el Movimiento Bolivariano Revolucionario 200.<\/p>\n\n\n\n<p>\u00abEste movimiento Bolivariano y Revolucionario es tambi\u00e9n un movimiento cristiano, pol\u00edtico y social, donde surgieron muchos l\u00edderes y lideresas, uno mejor que otro, uno m\u00e1s brillante que otro; desde la generaci\u00f3n fundadora se han forjado al calor de esta lucha hist\u00f3rica, que ha causado asombro en el mundo que nos admira cada vez m\u00e1s\u00bb, subray\u00f3.<\/p>\n\n\n\n<p>En este sentido, a\u00f1adi\u00f3 que los ojos del mundo est\u00e1n puestos en el pa\u00eds, \u00abpor la valent\u00eda, el patriotismo y la capacidad de un pueblo para derrotar conspiraciones, acechanzas, golpes, mentiras y mentiras. Se asombra el mundo al ver lo que hemos hecho y la gente noble nos mira con amor, con admiraci\u00f3n, ayer y hoy, y as\u00ed ser\u00e1, porque nuestra revoluci\u00f3n seguir\u00e1 adelante\u00bb.<\/p>\n\n\n\n<p>El presidente Maduro asegur\u00f3 que Venezuela forma parte del mundo nuevo que ha surgido, del mundo multipolar que se est\u00e1 construyendo y que Venezuela se encuentra a la vanguardia de la construcci\u00f3n de este mundo nuevo.<\/p>\n\n\n\n<p><strong>Prensa Presidencial \/ Orlando Ruiz<\/strong><\/p>\n","protected":false},"excerpt":{"rendered":"<p>Cuartel de la Monta\u00f1a 4F, Caracas.- El presidente de la Rep\u00fablica Bolivariana de Venezuela, Nicol\u00e1s Maduro Moros, afirm\u00f3 desde el Cuartel de la Monta\u00f1a, al asistir al homenaje del l\u00edder revolucionario Robert Serra, quien cumple diez a\u00f1os desde su siembra, que el pa\u00eds est\u00e1 avanzando cada d\u00eda con fuerza por la construcci\u00f3n del mundo nuevo. [&hellip;]<\/p>\n","protected":false},"author":1,"featured_media":13848,"comment_status":"open","ping_status":"open","sticky":false,"template":"","format":"standard","meta":{"footnotes":""},"categories":[18,7],"tags":[727,908,909,910],"class_list":["post-13847","post","type-post","status-publish","format-standard","has-post-thumbnail","hentry","category-noticias-principales","category-notas-de-prensa","tag-geopolitica","tag-multipolaridad","tag-mundo","tag-vision"],"_links":{"self":[{"href":"https:\/\/prensapresidencialvenezuela.gob.ve\/index.php\/wp-json\/wp\/v2\/posts\/13847","targetHints":{"allow":["GET"]}}],"collection":[{"href":"https:\/\/prensapresidencialvenezuela.gob.ve\/index.php\/wp-json\/wp\/v2\/posts"}],"about":[{"href":"https:\/\/prensapresidencialvenezuela.gob.ve\/index.php\/wp-json\/wp\/v2\/types\/post"}],"author":[{"embeddable":true,"href":"https:\/\/prensapresidencialvenezuela.gob.ve\/index.php\/wp-json\/wp\/v2\/users\/1"}],"replies":[{"embeddable":true,"href":"https:\/\/prensapresidencialvenezuela.gob.ve\/index.php\/wp-json\/wp\/v2\/comments?post=13847"}],"version-history":[{"count":1,"href":"https:\/\/prensapresidencialvenezuela.gob.ve\/index.php\/wp-json\/wp\/v2\/posts\/13847\/revisions"}],"predecessor-version":[{"id":13849,"href":"https:\/\/prensapresidencialvenezuela.gob.ve\/index.php\/wp-json\/wp\/v2\/posts\/13847\/revisions\/13849"}],"wp:featuredmedia":[{"embeddable":true,"href":"https:\/\/prensapresidencialvenezuela.gob.ve\/index.php\/wp-json\/wp\/v2\/media\/13848"}],"wp:attachment":[{"href":"https:\/\/prensapresidencialvenezuela.gob.ve\/index.php\/wp-json\/wp\/v2\/media?parent=13847"}],"wp:term":[{"taxonomy":"category","embeddable":true,"href":"https:\/\/prensapresidencialvenezuela.gob.ve\/index.php\/wp-json\/wp\/v2\/categories?post=13847"},{"taxonomy":"post_tag","embeddable":true,"href":"https:\/\/prensapresidencialvenezuela.gob.ve\/index.php\/wp-json\/wp\/v2\/tags?post=13847"}],"curies":[{"name":"wp","href":"https:\/\/api.w.org\/{rel}","templated":true}]}}