{"id":13850,"date":"2024-10-01T19:45:19","date_gmt":"2024-10-01T23:45:19","guid":{"rendered":"https:\/\/prensapresidencialvenezuela.gob.ve\/?p=13850"},"modified":"2024-10-01T19:47:55","modified_gmt":"2024-10-01T23:47:55","slug":"presidente-maduro-respalda-retomar-la-educacion-con-libros-impresos","status":"publish","type":"post","link":"https:\/\/prensapresidencialvenezuela.gob.ve\/index.php\/2024\/10\/01\/presidente-maduro-respalda-retomar-la-educacion-con-libros-impresos\/","title":{"rendered":"Presidente respalda retomar la educaci\u00f3n en escuelas y liceos con libros impresos"},"content":{"rendered":"\n<p><strong>Cuartel de la Monta\u00f1a 4F, Caracas.-<\/strong> En un emotivo encuentro con la juventud venezolana, el presidente Nicol\u00e1s Maduro enfatiz\u00f3 la importancia de retomar m\u00e9todos educativos tradicionales, como el uso del libro impreso, en contraposici\u00f3n al uso excesivo de la tecnolog\u00eda digital.<\/p>\n\n\n\n<p>\u00ab(\u2026) retomar el estudio en los libros f\u00edsicos en escuelas y liceos, empezar a estudiar con libros otra vez y ense\u00f1ar a las nuevas generaciones a leer, a subrayar, a analizar. Se puede, hay que estimular un poquito nada m\u00e1s, hay que trabajar un poquito\u00bb, indic\u00f3.<\/p>\n\n\n\n<p>El jefe de Estado instruy\u00f3 a los responsables de las carteras de Educaci\u00f3n, Cultura, Juventud, Comunicaci\u00f3n, a unir esfuerzo para apoyar e impulsar a la juventud, ni\u00f1os y ni\u00f1as del pa\u00eds.<\/p>\n\n\n\n<p>\u00ab(\u2026) entre todos: Ministerio de Educaci\u00f3n, el Ministerio de Cultura, Ministerio de la Juventud, el Ministerio de Comunicaci\u00f3n, unamos esfuerzos para que nuestros muchachos, nuestras muchachas, agarren el lapicero, el cuaderno de Robert y vuelvan a retomar la escritura para sus planes, para sus poemas, para sus escritos, para sus ideas\u00bb, orient\u00f3.<\/p>\n\n\n\n<p>Maduro destac\u00f3 que \u00abtodos escribimos igualito\u00bb, refiri\u00e9ndose a la escritura manual como una herramienta fundamental en el desarrollo cognitivo, ejemplificando que \u00abhaber abandonado la escritura con mano tiene mucha influencia en el pensamiento, en el desarrollo del cerebro, en la capacidad cognitiva de retenci\u00f3n\u00bb, afirm\u00f3.<\/p>\n\n\n\n<p>El presidente subray\u00f3 que la ansiedad generada por el uso constante de Internet, de las tecnolog\u00edas, afecta la calidad de vida de las personas: \u00abUno anda ansioso todo el d\u00eda solo viendo, desde las siete de la ma\u00f1ana hasta las doce de la noche, cosas aqu\u00ed [celular], llega un momento en que uno est\u00e1 es ansioso y aturdido\u00bb.<\/p>\n\n\n\n<p>El evento se llev\u00f3 a cabo en un ambiente de reflexi\u00f3n sobre la educaci\u00f3n y el futuro de los j\u00f3venes en Venezuela, donde se reafirm\u00f3 el compromiso del Gobierno por promover una ense\u00f1anza m\u00e1s humanizada y menos dependiente de la tecnolog\u00eda.<\/p>\n\n\n\n<p><strong>Prensa Presidencial \/ Eduardo Hueck<\/strong><\/p>\n","protected":false},"excerpt":{"rendered":"<p>Cuartel de la Monta\u00f1a 4F, Caracas.- En un emotivo encuentro con la juventud venezolana, el presidente Nicol\u00e1s Maduro enfatiz\u00f3 la importancia de retomar m\u00e9todos educativos tradicionales, como el uso del libro impreso, en contraposici\u00f3n al uso excesivo de la tecnolog\u00eda digital. \u00ab(\u2026) retomar el estudio en los libros f\u00edsicos en escuelas y liceos, empezar a [&hellip;]<\/p>\n","protected":false},"author":1,"featured_media":13851,"comment_status":"open","ping_status":"open","sticky":false,"template":"","format":"standard","meta":{"footnotes":""},"categories":[18,7],"tags":[63,912,911],"class_list":["post-13850","post","type-post","status-publish","format-standard","has-post-thumbnail","hentry","category-noticias-principales","category-notas-de-prensa","tag-educacion","tag-impresos","tag-libros"],"_links":{"self":[{"href":"https:\/\/prensapresidencialvenezuela.gob.ve\/index.php\/wp-json\/wp\/v2\/posts\/13850","targetHints":{"allow":["GET"]}}],"collection":[{"href":"https:\/\/prensapresidencialvenezuela.gob.ve\/index.php\/wp-json\/wp\/v2\/posts"}],"about":[{"href":"https:\/\/prensapresidencialvenezuela.gob.ve\/index.php\/wp-json\/wp\/v2\/types\/post"}],"author":[{"embeddable":true,"href":"https:\/\/prensapresidencialvenezuela.gob.ve\/index.php\/wp-json\/wp\/v2\/users\/1"}],"replies":[{"embeddable":true,"href":"https:\/\/prensapresidencialvenezuela.gob.ve\/index.php\/wp-json\/wp\/v2\/comments?post=13850"}],"version-history":[{"count":2,"href":"https:\/\/prensapresidencialvenezuela.gob.ve\/index.php\/wp-json\/wp\/v2\/posts\/13850\/revisions"}],"predecessor-version":[{"id":13854,"href":"https:\/\/prensapresidencialvenezuela.gob.ve\/index.php\/wp-json\/wp\/v2\/posts\/13850\/revisions\/13854"}],"wp:featuredmedia":[{"embeddable":true,"href":"https:\/\/prensapresidencialvenezuela.gob.ve\/index.php\/wp-json\/wp\/v2\/media\/13851"}],"wp:attachment":[{"href":"https:\/\/prensapresidencialvenezuela.gob.ve\/index.php\/wp-json\/wp\/v2\/media?parent=13850"}],"wp:term":[{"taxonomy":"category","embeddable":true,"href":"https:\/\/prensapresidencialvenezuela.gob.ve\/index.php\/wp-json\/wp\/v2\/categories?post=13850"},{"taxonomy":"post_tag","embeddable":true,"href":"https:\/\/prensapresidencialvenezuela.gob.ve\/index.php\/wp-json\/wp\/v2\/tags?post=13850"}],"curies":[{"name":"wp","href":"https:\/\/api.w.org\/{rel}","templated":true}]}}