{"id":13865,"date":"2024-10-01T20:34:13","date_gmt":"2024-10-02T00:34:13","guid":{"rendered":"https:\/\/prensapresidencialvenezuela.gob.ve\/?p=13865"},"modified":"2024-10-01T20:34:13","modified_gmt":"2024-10-02T00:34:13","slug":"presidente-maduro-invita-a-ganar-la-batalla-por-la-verdad-y-para-la-juventud","status":"publish","type":"post","link":"https:\/\/prensapresidencialvenezuela.gob.ve\/index.php\/2024\/10\/01\/presidente-maduro-invita-a-ganar-la-batalla-por-la-verdad-y-para-la-juventud\/","title":{"rendered":"Presidente Maduro invita a ganar la batalla por la verdad y para la Juventud"},"content":{"rendered":"\n<p><strong>Cuartel de la Monta\u00f1a.-<\/strong> El presidente de la Rep\u00fablica Bolivariana de Venezuela, Nicol\u00e1s Maduro, invit\u00f3 este martes a ganar la batalla por la verdad y para la juventud.<\/p>\n\n\n\n<p>Durante un homenaje al audaz abogado y parlamentario Robert Serra, desde el Cuartel de la Monta\u00f1a, en la Parroquia 23 de Enero, enfatiz\u00f3 la necesidad de empoderar, capacitar y transmitir v<a><\/a>alores a la juventud venezolana.<\/p>\n\n\n\n<p>En torno a este acto con el que honr\u00f3 a Serra, coment\u00f3: \u00abNos vinimos a este lugar y pensamos, \u00bfd\u00f3nde hacemos este homenaje? El homenaje a Robert tenemos que hacerlo desde esta cuna, ra\u00edz, desde esta fuerza espiritual que es el Cuartel de la Monta\u00f1a. \u00a1Robert vive en el coraz\u00f3n!\u00bb, destac\u00f3 el Dignatario.<\/p>\n\n\n\n<p>El jefe de Estado enfatiz\u00f3 que Robert dej\u00f3 resuelto el crimen.\u201dTrataron de ocultar con mentiras el hecho, con su inteligencia suprema, \u00e9l nos lo dej\u00f3 resuelto con las c\u00e1maras de grabaciones secretas activadas, supimos qui\u00e9nes fueron los autores materiales, sicarios colombianos con sicarios venezolanos, supimos qui\u00e9nes fueron los autores intelectuales y capturamos a uno de ellos, un colombiano de C\u00facuta del partido pol\u00edtico de \u00c1lvaro Uribe V\u00e9lez (&#8230;).Nos dio como resultado que la orden de asesinarlo la dio \u00c1lvaro Uribe V\u00e9lez (\u2026), la dio en complicidad con los fascistas de Leopoldo L\u00f3pez y compa\u00f1\u00eda. Estamos enfrentados a unos monstruos que manipulan, estimulan el odio, intolerancia (\u2026), pasan de la violencia verbal y f\u00edsica, sea por la v\u00eda del atentado o asesinato.Tenemos una tarea mayor para darle amor y anticuerpos a la juventud venezolana\u201d. &nbsp;<\/p>\n\n\n\n<p>Seguidamente, Mayerlin Arias, &nbsp;presidenta de la Misi\u00f3n J\u00f3venes de la Patria \u201cRobert Serra\u201d, expres\u00f3:\u00abNuestra misi\u00f3n es mantener a Robert vivo.Ten\u00eda la capacidad de s\u00edntesis, el verbo, su coherencia en la visi\u00f3n de proyectar los acciones en el territorio; siempre evolucion\u00f3, estudi\u00f3, se plante\u00f3 metas, con una libreta que dej\u00f3 Libertad, el escrib\u00eda, planificaba, mis fortalezas, debilidades, \u00e9l evalu\u00f3 ser diputado.Los sue\u00f1os no caen desde el cielo, se planifican as\u00ed como el liderazgo para mantenerlo vivo \u00bb.<\/p>\n\n\n\n<p>En esa l\u00ednea, el presidente Nicol\u00e1s Maduro gir\u00f3 instrucci\u00f3n al Vicepresidente Sectorial de Comunicaci\u00f3n, Cultura y Turismo, Freddy \u00d1\u00e1\u00f1ez, para transmitir por todo el Sistema de Comunicaciones, los tres documentales en los que se muestra la vida del diputado, l\u00edder, m\u00e1rtir, Robert Serra.<\/p>\n\n\n\n<p>Tambi\u00e9n llam\u00f3 a aprovechar la gran victoria reciente del 28 de julio para echar adelante la juventud con el acompa\u00f1amiento, la formaci\u00f3n, \u201chacer deporte, cultura. Hay que ir sin demora al territorio, a empoderar a la juventud venezolana\u201d.<\/p>\n\n\n\n<p>\u201c\u00a1Juventud o nada! Lo m\u00e1s hermoso que podamos hacer, es ponernos a trabajar para la juventud, estoy hiperconvencido de eso. Todas las pol\u00edticas deben estar vinculadas a la formaci\u00f3n de valores\u201d, concluy\u00f3 el presidente Maduro.<\/p>\n\n\n\n<p><strong>Prensa Presidencial \/ Geraldine Quintero<\/strong><\/p>\n","protected":false},"excerpt":{"rendered":"<p>Cuartel de la Monta\u00f1a.- El presidente de la Rep\u00fablica Bolivariana de Venezuela, Nicol\u00e1s Maduro, invit\u00f3 este martes a ganar la batalla por la verdad y para la juventud. Durante un homenaje al audaz abogado y parlamentario Robert Serra, desde el Cuartel de la Monta\u00f1a, en la Parroquia 23 de Enero, enfatiz\u00f3 la necesidad de empoderar, [&hellip;]<\/p>\n","protected":false},"author":1,"featured_media":13866,"comment_status":"open","ping_status":"open","sticky":false,"template":"","format":"standard","meta":{"footnotes":""},"categories":[18,7],"tags":[685,109,730],"class_list":["post-13865","post","type-post","status-publish","format-standard","has-post-thumbnail","hentry","category-noticias-principales","category-notas-de-prensa","tag-batalla","tag-juventud","tag-verdad"],"_links":{"self":[{"href":"https:\/\/prensapresidencialvenezuela.gob.ve\/index.php\/wp-json\/wp\/v2\/posts\/13865","targetHints":{"allow":["GET"]}}],"collection":[{"href":"https:\/\/prensapresidencialvenezuela.gob.ve\/index.php\/wp-json\/wp\/v2\/posts"}],"about":[{"href":"https:\/\/prensapresidencialvenezuela.gob.ve\/index.php\/wp-json\/wp\/v2\/types\/post"}],"author":[{"embeddable":true,"href":"https:\/\/prensapresidencialvenezuela.gob.ve\/index.php\/wp-json\/wp\/v2\/users\/1"}],"replies":[{"embeddable":true,"href":"https:\/\/prensapresidencialvenezuela.gob.ve\/index.php\/wp-json\/wp\/v2\/comments?post=13865"}],"version-history":[{"count":1,"href":"https:\/\/prensapresidencialvenezuela.gob.ve\/index.php\/wp-json\/wp\/v2\/posts\/13865\/revisions"}],"predecessor-version":[{"id":13867,"href":"https:\/\/prensapresidencialvenezuela.gob.ve\/index.php\/wp-json\/wp\/v2\/posts\/13865\/revisions\/13867"}],"wp:featuredmedia":[{"embeddable":true,"href":"https:\/\/prensapresidencialvenezuela.gob.ve\/index.php\/wp-json\/wp\/v2\/media\/13866"}],"wp:attachment":[{"href":"https:\/\/prensapresidencialvenezuela.gob.ve\/index.php\/wp-json\/wp\/v2\/media?parent=13865"}],"wp:term":[{"taxonomy":"category","embeddable":true,"href":"https:\/\/prensapresidencialvenezuela.gob.ve\/index.php\/wp-json\/wp\/v2\/categories?post=13865"},{"taxonomy":"post_tag","embeddable":true,"href":"https:\/\/prensapresidencialvenezuela.gob.ve\/index.php\/wp-json\/wp\/v2\/tags?post=13865"}],"curies":[{"name":"wp","href":"https:\/\/api.w.org\/{rel}","templated":true}]}}