{"id":13891,"date":"2024-10-03T21:30:18","date_gmt":"2024-10-04T01:30:18","guid":{"rendered":"https:\/\/prensapresidencialvenezuela.gob.ve\/?p=13891"},"modified":"2024-10-03T21:30:19","modified_gmt":"2024-10-04T01:30:19","slug":"presidente-maduro-se-reunio-con-el-embajador-de-la-republica-libanesa-en-venezuela","status":"publish","type":"post","link":"https:\/\/prensapresidencialvenezuela.gob.ve\/index.php\/2024\/10\/03\/presidente-maduro-se-reunio-con-el-embajador-de-la-republica-libanesa-en-venezuela\/","title":{"rendered":"Presidente Maduro se reuni\u00f3 con el embajador de la Rep\u00fablica Libanesa en Venezuela"},"content":{"rendered":"\n<p><strong>Casona Cultural Aquiles Nazoa, estado Miranda.- <\/strong>El presidente de la Rep\u00fablica Bolivariana de Venezuela, Nicol\u00e1s Maduro Moros, sostuvo un encuentro con el embajador extraordinario y plenipotenciario de la Rep\u00fablica Libanesa en Venezuela, excelent\u00edsimo se\u00f1or El\u00edas Lebbos, para expresar su respaldo, acompa\u00f1amiento y apoyo al pueblo \u00e1rabe hermano.<\/p>\n\n\n\n<p>El encuentro, que tuvo lugar en la Casona Cultural Aquiles Nazoa, en el estado Miranda, viene a corroborar la intenci\u00f3n de ambas naciones por abordar temas de inter\u00e9s bilateral y de la geopol\u00edtica actual.<\/p>\n\n\n\n<p>El pueblo venezolano, a trav\u00e9s del presidente Nicol\u00e1s Maduro, reafirma al embajador libanes su solidaridad con el pueblo del L\u00edbano que est\u00e1 siendo objeto de una operaci\u00f3n de exterminio, igual a la operaci\u00f3n que se aplica al pueblo palestino.<\/p>\n\n\n\n<p>En un encuentro que sostuvo el jefe de Estado venezolano pasado s\u00e1bado con el pueblo del estado La Guaira, expres\u00f3 su repudi\u00f3 al crimen que ha ocasionado el primer ministro de Israel, Benjam\u00edn Netanyahu, que llev\u00f3 a la muerte a cientos de hombres, mujeres, j\u00f3venes, ni\u00f1os y ni\u00f1as \u00e1rabes.<\/p>\n\n\n\n<p>\u00abEl pueblo \u00e1rabe palestino de Gaza, el pueblo \u00e1rabe del L\u00edbano, est\u00e1n siendo v\u00edctima de un genocidio, de ataques terroristas del gobierno de Benjamin Netanyahu, un asesino que solo recuerda a Hitler\u00bb, expres\u00f3.<\/p>\n\n\n\n<p>En ese sentido, tambi\u00e9n se expres\u00f3 sobre el asesinato del l\u00edder del mundo musulm\u00e1n, Hassan Nasrallah, secretario general de Hezbol\u00e1: \u00abQuiero expresar, a nombre del bloque hist\u00f3rico de la Revoluci\u00f3n, la solidaridad con el pueblo del L\u00edbano. Repudiamos este crimen, que quieren justificar; pero para asesinarlo atacaron edificios, urbanizaciones y mataron a cientos de personas\u00bb.<\/p>\n\n\n\n<p>Este jueves, el jefe de Estado estuvo acompa\u00f1ado por la Primera Combatiente de la Rep\u00fablica, Cilia Flores; el canciller venezolano, Yv\u00e1n Gil; y la Viceministra para Asia, Medio Oriente y Ocean\u00eda del Ministerio del Poder Popular para Relaciones Exteriores, Tatiana Pugh.<\/p>\n\n\n\n<p>Tras la reuni\u00f3n que se realiz\u00f3 en La Casona, el canciller venezolano ofreci\u00f3 declaraciones en las indic\u00f3: que el encuentro sirvi\u00f3 \u00abprecisamente para evaluar, para analizar la situaci\u00f3n dram\u00e1tica que est\u00e1 ocurriendo ahora en el L\u00edbano\u00bb, destacando que la Naci\u00f3n venezolana condena firmemente la pol\u00edtica de exterminio que lleva acabo el r\u00e9gimen israel\u00ed.<\/p>\n\n\n\n<p>Asimismo, Gil pormenoriz\u00f3 que se ha evaluado \u00absituaci\u00f3n humanitaria, la situaci\u00f3n econ\u00f3mica, la situaci\u00f3n geopol\u00edtica de la regi\u00f3n\u00bb ofreciendo el apoyo del Gobierno Bolivariano a El L\u00edbano.<\/p>\n\n\n\n<p>\u00abVamos a organizar una gran brigada de apoyo humanitario, vamos a convocar a la comunidad libanesa en Venezuela, la comunidad \u00e1rabe en Venezuela para que precisamente nos movilicemos, no solo en la humanitario (apoyo material que Venezuela va a empezar a organizar para llevar al L\u00edbano), sino tambi\u00e9n en las acciones de denuncia de esta agresi\u00f3n por la v\u00eda diplom\u00e1tica\u00bb, subray\u00f3.<\/p>\n\n\n\n<p>Por su parte, el diplom\u00e1tico libanes agradeci\u00f3 todo el apoyo del pueblo y Gobierno venezolano ha expresado en todo momento.<\/p>\n\n\n\n<p><strong>Prensa presidencial \/Eduardo Hueck <\/strong><a><\/a><strong><\/strong><\/p>\n","protected":false},"excerpt":{"rendered":"<p>Casona Cultural Aquiles Nazoa, estado Miranda.- El presidente de la Rep\u00fablica Bolivariana de Venezuela, Nicol\u00e1s Maduro Moros, sostuvo un encuentro con el embajador extraordinario y plenipotenciario de la Rep\u00fablica Libanesa en Venezuela, excelent\u00edsimo se\u00f1or El\u00edas Lebbos, para expresar su respaldo, acompa\u00f1amiento y apoyo al pueblo \u00e1rabe hermano. El encuentro, que tuvo lugar en la Casona [&hellip;]<\/p>\n","protected":false},"author":1,"featured_media":13892,"comment_status":"open","ping_status":"open","sticky":false,"template":"","format":"standard","meta":{"footnotes":""},"categories":[18,7],"tags":[926,892,725,185,20],"class_list":["post-13891","post","type-post","status-publish","format-standard","has-post-thumbnail","hentry","category-noticias-principales","category-notas-de-prensa","tag-amistad","tag-libano","tag-reunion","tag-solidaridad","tag-venezuela"],"_links":{"self":[{"href":"https:\/\/prensapresidencialvenezuela.gob.ve\/index.php\/wp-json\/wp\/v2\/posts\/13891","targetHints":{"allow":["GET"]}}],"collection":[{"href":"https:\/\/prensapresidencialvenezuela.gob.ve\/index.php\/wp-json\/wp\/v2\/posts"}],"about":[{"href":"https:\/\/prensapresidencialvenezuela.gob.ve\/index.php\/wp-json\/wp\/v2\/types\/post"}],"author":[{"embeddable":true,"href":"https:\/\/prensapresidencialvenezuela.gob.ve\/index.php\/wp-json\/wp\/v2\/users\/1"}],"replies":[{"embeddable":true,"href":"https:\/\/prensapresidencialvenezuela.gob.ve\/index.php\/wp-json\/wp\/v2\/comments?post=13891"}],"version-history":[{"count":1,"href":"https:\/\/prensapresidencialvenezuela.gob.ve\/index.php\/wp-json\/wp\/v2\/posts\/13891\/revisions"}],"predecessor-version":[{"id":13893,"href":"https:\/\/prensapresidencialvenezuela.gob.ve\/index.php\/wp-json\/wp\/v2\/posts\/13891\/revisions\/13893"}],"wp:featuredmedia":[{"embeddable":true,"href":"https:\/\/prensapresidencialvenezuela.gob.ve\/index.php\/wp-json\/wp\/v2\/media\/13892"}],"wp:attachment":[{"href":"https:\/\/prensapresidencialvenezuela.gob.ve\/index.php\/wp-json\/wp\/v2\/media?parent=13891"}],"wp:term":[{"taxonomy":"category","embeddable":true,"href":"https:\/\/prensapresidencialvenezuela.gob.ve\/index.php\/wp-json\/wp\/v2\/categories?post=13891"},{"taxonomy":"post_tag","embeddable":true,"href":"https:\/\/prensapresidencialvenezuela.gob.ve\/index.php\/wp-json\/wp\/v2\/tags?post=13891"}],"curies":[{"name":"wp","href":"https:\/\/api.w.org\/{rel}","templated":true}]}}