{"id":13894,"date":"2024-10-04T09:39:52","date_gmt":"2024-10-04T13:39:52","guid":{"rendered":"https:\/\/prensapresidencialvenezuela.gob.ve\/?p=13894"},"modified":"2024-10-04T09:39:53","modified_gmt":"2024-10-04T13:39:53","slug":"presidente-ratifico-al-embajador-libanes-su-contundente-rechazo-ante-la-politica-de-exterminio-del-regimen-israeli","status":"publish","type":"post","link":"https:\/\/prensapresidencialvenezuela.gob.ve\/index.php\/2024\/10\/04\/presidente-ratifico-al-embajador-libanes-su-contundente-rechazo-ante-la-politica-de-exterminio-del-regimen-israeli\/","title":{"rendered":"Presidente ratific\u00f3 al embajador liban\u00e9s su contundente rechazo ante la pol\u00edtica de exterminio del r\u00e9gimen israel\u00ed"},"content":{"rendered":"\n<p>Palacio de Miraflores, Caracas.- El presidente de la Rep\u00fablica Bolivariana de Venezuela, Nicol\u00e1s Maduro, inform\u00f3, a trav\u00e9s de su cuenta de la red social Instagram @nicolasmaduro, que se conformar\u00e1 una gran brigada de apoyo humanitaria, contexto en el que ratific\u00f3 al embajador liban\u00e9s su contundente rechazo ante la pol\u00edtica de exterminio del r\u00e9gimen israel\u00ed.<\/p>\n\n\n\n<p>Luego de sostener una reuni\u00f3n con el embajador extraordinario y plenipotenciario de la Rep\u00fablica Libanesa en Venezuela, excelent\u00edsimo se\u00f1or El\u00edas Lebbos, para expresar su respaldo, acompa\u00f1amiento y apoyo al pueblo \u00e1rabe hermano, el Dignatario ofreci\u00f3 detalles sobre este encuentro.<\/p>\n\n\n\n<p>Precis\u00f3 que convocar\u00e1 a la comunidad \u00e1rabe y libanesa para una gran movilizaci\u00f3n.<\/p>\n\n\n\n<p>En esa l\u00ednea, indic\u00f3: \u201cConformaremos un movimiento mundial contra la agresi\u00f3n como nunca antes hemos visto y protagonizado\u201d.<\/p>\n\n\n\n<p>Esta informaci\u00f3n la suministr\u00f3 el jefe de Estado al tiempo en que ratific\u00f3 al embajador liban\u00e9s su contundente rechazo ante la pol\u00edtica de exterminio del r\u00e9gimen israel\u00ed contra el pueblo palestino y liban\u00e9s, con la ejecuci\u00f3n de un proyecto de dominaci\u00f3n y colonizaci\u00f3n del mundo \u00e1rabe musulm\u00e1n y del Medio Oriente.<\/p>\n\n\n\n<p>\u201cTodo nuestro apoyo a Palestina y al pueblo del L\u00edbano. Solidaridad, acci\u00f3n y movilizaci\u00f3n\u201d, puntualiz\u00f3 el Mandatario nacional en su cuenta de Instagram, este viernes en horas de la ma\u00f1ana.<\/p>\n\n\n\n<p><strong>Prensa Presidencial \/ Ana\u00eds P\u00e9rez<\/strong><\/p>\n","protected":false},"excerpt":{"rendered":"<p>Palacio de Miraflores, Caracas.- El presidente de la Rep\u00fablica Bolivariana de Venezuela, Nicol\u00e1s Maduro, inform\u00f3, a trav\u00e9s de su cuenta de la red social Instagram @nicolasmaduro, que se conformar\u00e1 una gran brigada de apoyo humanitaria, contexto en el que ratific\u00f3 al embajador liban\u00e9s su contundente rechazo ante la pol\u00edtica de exterminio del r\u00e9gimen israel\u00ed. Luego [&hellip;]<\/p>\n","protected":false},"author":1,"featured_media":13895,"comment_status":"open","ping_status":"open","sticky":false,"template":"","format":"standard","meta":{"footnotes":""},"categories":[18,7],"tags":[927,528,185],"class_list":["post-13894","post","type-post","status-publish","format-standard","has-post-thumbnail","hentry","category-noticias-principales","category-notas-de-prensa","tag-acciones","tag-defensa","tag-solidaridad"],"_links":{"self":[{"href":"https:\/\/prensapresidencialvenezuela.gob.ve\/index.php\/wp-json\/wp\/v2\/posts\/13894","targetHints":{"allow":["GET"]}}],"collection":[{"href":"https:\/\/prensapresidencialvenezuela.gob.ve\/index.php\/wp-json\/wp\/v2\/posts"}],"about":[{"href":"https:\/\/prensapresidencialvenezuela.gob.ve\/index.php\/wp-json\/wp\/v2\/types\/post"}],"author":[{"embeddable":true,"href":"https:\/\/prensapresidencialvenezuela.gob.ve\/index.php\/wp-json\/wp\/v2\/users\/1"}],"replies":[{"embeddable":true,"href":"https:\/\/prensapresidencialvenezuela.gob.ve\/index.php\/wp-json\/wp\/v2\/comments?post=13894"}],"version-history":[{"count":1,"href":"https:\/\/prensapresidencialvenezuela.gob.ve\/index.php\/wp-json\/wp\/v2\/posts\/13894\/revisions"}],"predecessor-version":[{"id":13896,"href":"https:\/\/prensapresidencialvenezuela.gob.ve\/index.php\/wp-json\/wp\/v2\/posts\/13894\/revisions\/13896"}],"wp:featuredmedia":[{"embeddable":true,"href":"https:\/\/prensapresidencialvenezuela.gob.ve\/index.php\/wp-json\/wp\/v2\/media\/13895"}],"wp:attachment":[{"href":"https:\/\/prensapresidencialvenezuela.gob.ve\/index.php\/wp-json\/wp\/v2\/media?parent=13894"}],"wp:term":[{"taxonomy":"category","embeddable":true,"href":"https:\/\/prensapresidencialvenezuela.gob.ve\/index.php\/wp-json\/wp\/v2\/categories?post=13894"},{"taxonomy":"post_tag","embeddable":true,"href":"https:\/\/prensapresidencialvenezuela.gob.ve\/index.php\/wp-json\/wp\/v2\/tags?post=13894"}],"curies":[{"name":"wp","href":"https:\/\/api.w.org\/{rel}","templated":true}]}}