{"id":13905,"date":"2024-10-07T17:05:00","date_gmt":"2024-10-07T21:05:00","guid":{"rendered":"https:\/\/prensapresidencialvenezuela.gob.ve\/?p=13905"},"modified":"2024-10-07T17:06:31","modified_gmt":"2024-10-07T21:06:31","slug":"presidente-maduro-recibio-cartas-credenciales-del-embajador-de-japon-en-venezuela-yasushi-sato","status":"publish","type":"post","link":"https:\/\/prensapresidencialvenezuela.gob.ve\/index.php\/2024\/10\/07\/presidente-maduro-recibio-cartas-credenciales-del-embajador-de-japon-en-venezuela-yasushi-sato\/","title":{"rendered":"Presidente Maduro recibi\u00f3 cartas credenciales del embajador de Jap\u00f3n Yasushi Sato"},"content":{"rendered":"\n<p><strong>Casona Cultural Aquiles Nazoa<\/strong>.- El excelent\u00edsimo se\u00f1or Yasushi Sato, embajador designado por Jap\u00f3n ante la Rep\u00fablica Bolivariana de Venezuela, hizo entrega de cartas credenciales al presidente de la Rep\u00fablica Bolivariana de Venezuela, Nicol\u00e1s Maduro, la tarde de este lunes 07 de octubre.&nbsp;<\/p>\n\n\n\n<p>El Mandatario Nacional, junto a la Primera Combatiente Cilia Flores; el ministro del Poder Popular para las Relaciones Exteriores de Venezuela, Yv\u00e1n Gil.dio; dio recibimiento al embajador, quien lleg\u00f3 acompa\u00f1ado de su esposa Yuma Sato y de la primera Secretaria de la misi\u00f3n diplom\u00e1tica, Keika Furukawa <\/p>\n\n\n\n<p>El diplom\u00e1tico japon\u00e9s naci\u00f3 en Tokio en 1961, ingres\u00f3 al ministerio de Relaciones Exteriores en el a\u00f1o 1984, lugar donde ampli\u00f3 su carrera diplom\u00e1tica en Am\u00e9rica, Estados Unidos y Espa\u00f1a. <a><\/a><\/p>\n\n\n\n<p>Fungi\u00f3 como tercer secretario en&nbsp; la Embajada en Uruguay (1987), segundo secretario de la Embajada del pa\u00eds en Chile (1995), fue director de la Secci\u00f3n Cultural e Informativa de la Embajada de Jap\u00f3n en M\u00e9xico (1998).<\/p>\n\n\n\n<p>Asimismo, se desempe\u00f1\u00f3 como&nbsp; c\u00f3nsul general adjunto en Miami (2009), &nbsp;fue primer secretario de la Embajada de Jap\u00f3n en Per\u00fa (2005), Con anterioridad, fue c\u00f3nsul general adjunto en Miami (2009) y primer secretario de la Embajada de Jap\u00f3n en Per\u00fa (2005).<\/p>\n\n\n\n<p>Previo a su nombramiento en la ciudad de Caracas, fungi\u00f3 como C\u00f3nsul General en Barcelona, Espa\u00f1a.<\/p>\n\n\n\n<p>Cabe destacar que Venezuela y Jap\u00f3n establecieron relaciones diplom\u00e1ticas hace m\u00e1s de 86 a\u00f1os, las cuales han estado enmarcadas en el intercambio de cooperaci\u00f3n econ\u00f3mico, pol\u00edtico,\u00a0 cultural, en aras de fortalecer el desarrollo de ambos pueblos.<\/p>\n\n\n\n<p><strong>Prensa presidencial \/ Geraldine Quintero<\/strong><strong><\/strong><\/p>\n","protected":false},"excerpt":{"rendered":"<p>Casona Cultural Aquiles Nazoa.- El excelent\u00edsimo se\u00f1or Yasushi Sato, embajador designado por Jap\u00f3n ante la Rep\u00fablica Bolivariana de Venezuela, hizo entrega de cartas credenciales al presidente de la Rep\u00fablica Bolivariana de Venezuela, Nicol\u00e1s Maduro, la tarde de este lunes 07 de octubre.&nbsp; El Mandatario Nacional, junto a la Primera Combatiente Cilia Flores; el ministro del [&hellip;]<\/p>\n","protected":false},"author":1,"featured_media":13908,"comment_status":"open","ping_status":"open","sticky":false,"template":"","format":"standard","meta":{"footnotes":""},"categories":[18,7],"tags":[678,932,931,930,20],"class_list":["post-13905","post","type-post","status-publish","format-standard","has-post-thumbnail","hentry","category-noticias-principales","category-notas-de-prensa","tag-alianzas","tag-cooperacion-2","tag-embajada","tag-japon","tag-venezuela"],"_links":{"self":[{"href":"https:\/\/prensapresidencialvenezuela.gob.ve\/index.php\/wp-json\/wp\/v2\/posts\/13905","targetHints":{"allow":["GET"]}}],"collection":[{"href":"https:\/\/prensapresidencialvenezuela.gob.ve\/index.php\/wp-json\/wp\/v2\/posts"}],"about":[{"href":"https:\/\/prensapresidencialvenezuela.gob.ve\/index.php\/wp-json\/wp\/v2\/types\/post"}],"author":[{"embeddable":true,"href":"https:\/\/prensapresidencialvenezuela.gob.ve\/index.php\/wp-json\/wp\/v2\/users\/1"}],"replies":[{"embeddable":true,"href":"https:\/\/prensapresidencialvenezuela.gob.ve\/index.php\/wp-json\/wp\/v2\/comments?post=13905"}],"version-history":[{"count":3,"href":"https:\/\/prensapresidencialvenezuela.gob.ve\/index.php\/wp-json\/wp\/v2\/posts\/13905\/revisions"}],"predecessor-version":[{"id":13911,"href":"https:\/\/prensapresidencialvenezuela.gob.ve\/index.php\/wp-json\/wp\/v2\/posts\/13905\/revisions\/13911"}],"wp:featuredmedia":[{"embeddable":true,"href":"https:\/\/prensapresidencialvenezuela.gob.ve\/index.php\/wp-json\/wp\/v2\/media\/13908"}],"wp:attachment":[{"href":"https:\/\/prensapresidencialvenezuela.gob.ve\/index.php\/wp-json\/wp\/v2\/media?parent=13905"}],"wp:term":[{"taxonomy":"category","embeddable":true,"href":"https:\/\/prensapresidencialvenezuela.gob.ve\/index.php\/wp-json\/wp\/v2\/categories?post=13905"},{"taxonomy":"post_tag","embeddable":true,"href":"https:\/\/prensapresidencialvenezuela.gob.ve\/index.php\/wp-json\/wp\/v2\/tags?post=13905"}],"curies":[{"name":"wp","href":"https:\/\/api.w.org\/{rel}","templated":true}]}}