{"id":13915,"date":"2024-10-07T21:39:17","date_gmt":"2024-10-08T01:39:17","guid":{"rendered":"https:\/\/prensapresidencialvenezuela.gob.ve\/?p=13915"},"modified":"2024-10-07T21:39:18","modified_gmt":"2024-10-08T01:39:18","slug":"el-reto-es-que-la-educacion-sea-cada-vez-de-mayor-calidad","status":"publish","type":"post","link":"https:\/\/prensapresidencialvenezuela.gob.ve\/index.php\/2024\/10\/07\/el-reto-es-que-la-educacion-sea-cada-vez-de-mayor-calidad\/","title":{"rendered":"El reto es que la educaci\u00f3n sea cada vez de mayor calidad"},"content":{"rendered":"\n<p><strong>Palacio de Miraflores, Caracas.- <\/strong>\u00abHoy podemos decir, pasamos del 40% de educaci\u00f3n p\u00fablica semiprivatizada al 84% de la educaci\u00f3n p\u00fablica, gratuita, y el reto es que sea cada vez de mayor calidad\u00bb.<\/p>\n\n\n\n<p>Las palabras corresponden al presidente de Rep\u00fablica Bolivariana de Venezuela, Nicol\u00e1s Maduro Moros, al destacar los logros alcanzados desde la implementaci\u00f3n del programa de gobierno del comandante Hugo Ch\u00e1vez.<\/p>\n\n\n\n<p>El Mandatario se refiri\u00f3 a los desaf\u00edos que ha enfrentado el sistema educativo en el pa\u00eds, mencionando que \u00abla educaci\u00f3n que se llamaba p\u00fablica, era semiprivatizada y alcanzaba el 40% de los establecimientos del pa\u00eds educativo\u00bb. A\u00f1adiendo: \u00abEl nivel de escolaridad no llegaba ni al 50% (\u2026), la calidad educativa se hab\u00eda ido a la nada\u00bb.<\/p>\n\n\n\n<p>El presidente Maduro tambi\u00e9n enfatiz\u00f3 que las \u00abheridas, producto del bombardeo (\u2026) de misiles econ\u00f3micos, financieros, la guerra comercial, la guerra econ\u00f3mica, las sanciones criminales\u00bb, a pesar de estos obst\u00e1culos, estableci\u00f3 que la meta es \u00abir al 100% de escolaridad con los cinco d\u00edas de clase en toda la educaci\u00f3n y adem\u00e1s de la calidad\u00bb.<\/p>\n\n\n\n<p>Maduro subray\u00f3 la necesidad de transformar la educaci\u00f3n venezolana para adaptarla a las exigencias del siglo XXI.<\/p>\n\n\n\n<p>\u00abSi quieres una nueva sociedad sana, de armon\u00eda, de paz, verdaderamente libre, tienes que educar a los ni\u00f1os y a las ni\u00f1as (\u2026). Hoy podemos decir, la esperanza est\u00e1 en la educaci\u00f3n, en los valores, en la espiritualidad, en la conciencia superior\u00bb, expres\u00f3.<\/p>\n\n\n\n<p><strong>Prensa presidencial \/Eduardo Hueck <\/strong><a><\/a><strong><\/strong><\/p>\n","protected":false},"excerpt":{"rendered":"<p>Palacio de Miraflores, Caracas.- \u00abHoy podemos decir, pasamos del 40% de educaci\u00f3n p\u00fablica semiprivatizada al 84% de la educaci\u00f3n p\u00fablica, gratuita, y el reto es que sea cada vez de mayor calidad\u00bb. Las palabras corresponden al presidente de Rep\u00fablica Bolivariana de Venezuela, Nicol\u00e1s Maduro Moros, al destacar los logros alcanzados desde la implementaci\u00f3n del programa [&hellip;]<\/p>\n","protected":false},"author":1,"featured_media":13916,"comment_status":"open","ping_status":"open","sticky":false,"template":"","format":"standard","meta":{"footnotes":""},"categories":[18,7],"tags":[63,660,20],"class_list":["post-13915","post","type-post","status-publish","format-standard","has-post-thumbnail","hentry","category-noticias-principales","category-notas-de-prensa","tag-educacion","tag-metas","tag-venezuela"],"_links":{"self":[{"href":"https:\/\/prensapresidencialvenezuela.gob.ve\/index.php\/wp-json\/wp\/v2\/posts\/13915","targetHints":{"allow":["GET"]}}],"collection":[{"href":"https:\/\/prensapresidencialvenezuela.gob.ve\/index.php\/wp-json\/wp\/v2\/posts"}],"about":[{"href":"https:\/\/prensapresidencialvenezuela.gob.ve\/index.php\/wp-json\/wp\/v2\/types\/post"}],"author":[{"embeddable":true,"href":"https:\/\/prensapresidencialvenezuela.gob.ve\/index.php\/wp-json\/wp\/v2\/users\/1"}],"replies":[{"embeddable":true,"href":"https:\/\/prensapresidencialvenezuela.gob.ve\/index.php\/wp-json\/wp\/v2\/comments?post=13915"}],"version-history":[{"count":1,"href":"https:\/\/prensapresidencialvenezuela.gob.ve\/index.php\/wp-json\/wp\/v2\/posts\/13915\/revisions"}],"predecessor-version":[{"id":13917,"href":"https:\/\/prensapresidencialvenezuela.gob.ve\/index.php\/wp-json\/wp\/v2\/posts\/13915\/revisions\/13917"}],"wp:featuredmedia":[{"embeddable":true,"href":"https:\/\/prensapresidencialvenezuela.gob.ve\/index.php\/wp-json\/wp\/v2\/media\/13916"}],"wp:attachment":[{"href":"https:\/\/prensapresidencialvenezuela.gob.ve\/index.php\/wp-json\/wp\/v2\/media?parent=13915"}],"wp:term":[{"taxonomy":"category","embeddable":true,"href":"https:\/\/prensapresidencialvenezuela.gob.ve\/index.php\/wp-json\/wp\/v2\/categories?post=13915"},{"taxonomy":"post_tag","embeddable":true,"href":"https:\/\/prensapresidencialvenezuela.gob.ve\/index.php\/wp-json\/wp\/v2\/tags?post=13915"}],"curies":[{"name":"wp","href":"https:\/\/api.w.org\/{rel}","templated":true}]}}