{"id":1395,"date":"2022-03-07T16:52:00","date_gmt":"2022-03-07T16:52:00","guid":{"rendered":"http:\/\/172.27.0.121\/?p=1395"},"modified":"2022-06-07T16:57:53","modified_gmt":"2022-06-07T16:57:53","slug":"venezuela-se-prepara-ante-eventual-extension-de-conflicto-armado-en-ucrania","status":"publish","type":"post","link":"https:\/\/prensapresidencialvenezuela.gob.ve\/index.php\/2022\/03\/07\/venezuela-se-prepara-ante-eventual-extension-de-conflicto-armado-en-ucrania\/","title":{"rendered":"Venezuela se prepara ante eventual extensi\u00f3n de conflicto armado en Ucrania"},"content":{"rendered":"\n<p><strong>Palacio de Miraflores, Caracas.-<\/strong> Venezuela se prepara tomando medidas, en el orden econ\u00f3mico, ante eventual extensi\u00f3n de conflicto armado en Ucrania, enfatiz\u00f3 el presidente de la Rep\u00fablica Bolivariana de Venezuela, Nicol\u00e1s Maduro, desde el Palacio de Miraflores.<\/p>\n\n\n\n<p>Durante una reuni\u00f3n con el Alto Mando Pol\u00edtico de Venezuela, el Consejo de Vicepresidentes de Gobierno y el Alto Mando Superior de la Fuerza Armada Nacional Bolivariana (FANB), el Jefe de Estado se\u00f1al\u00f3 que dichas medidas responden a los brutales impactos de la crisis que se ha desatado en Ucrania.<\/p>\n\n\n\n<p>\u00abEl conflicto armado en Ucrania tiene impactos mundiales, impactos brutales en el precio de la energ\u00eda, del petr\u00f3leo, de la gasolina, del gas, los alimentos, los fertilizantes, transporte, en el manejo de las relaciones internacionales\u00bb, enumer\u00f3 el Dignatario nacional.<\/p>\n\n\n\n<p>En ese sentido, enfatiz\u00f3: \u00abYa estamos tomando las medidas para seguir nosotros en un proceso de control de la inflaci\u00f3n y de estos fen\u00f3menos que pudieran presentarse producto de la guerra y de la extensi\u00f3n del conflicto\u00bb.<\/p>\n\n\n\n<p>\u00abEs muy importante que se sepa. (\u2026) No hablamos por hablar\u00bb, precis\u00f3 el presidente Maduro, quien adem\u00e1s inform\u00f3 que \u00abhemos estado llevando adelante una observaci\u00f3n de todo el panorama mundial y los cambios acelerados de la geopol\u00edtica en el mundo. \u201cEs muy importante, sabemos que nuestro pueblo tiene una gran consciencia geopol\u00edtica, cultura pol\u00edtica, un gran conocimiento\u00bb.<\/p>\n\n\n\n<p>Subray\u00f3 que en la Revoluci\u00f3n Bolivariana \u00abtenemos un m\u00e9todo de trabajo, aprendido de Ch\u00e1vez, de llevar tres pasos adelante de cualquier coyuntura, amenaza y situaci\u00f3n, por eso estamos aqu\u00ed unidos, de pie y victoriosos, unidos en la vanguardia c\u00edvico-militar-policial\u00bb.<\/p>\n\n\n\n<p>\u00abVenezuela ha entrado en una fase de recuperaci\u00f3n, conquistamos la paz, diversificaci\u00f3n del crecimiento econ\u00f3mico, la sanaci\u00f3n de las heridas sociales, la participaci\u00f3n protag\u00f3nica del pueblo (\u2026) estamos haciendo todo lo que est\u00e1 a nuestro alcance para que los a\u00f1os por venir, en cualquier circunstancia que toque vivir a la humanidad, sean buenos a\u00f1os para Venezuela\u00bb, dijo.<\/p>\n\n\n\n<p><strong>Prensa Presidencial\/Ana\u00eds P\u00e9rez<\/strong><\/p>\n","protected":false},"excerpt":{"rendered":"<p>Palacio de Miraflores, Caracas.- Venezuela se prepara tomando medidas, en el orden econ\u00f3mico, ante eventual extensi\u00f3n de conflicto armado en Ucrania, enfatiz\u00f3 el presidente de la Rep\u00fablica Bolivariana de Venezuela, Nicol\u00e1s Maduro, desde el Palacio de Miraflores. Durante una reuni\u00f3n con el Alto Mando Pol\u00edtico de Venezuela, el Consejo de Vicepresidentes de Gobierno y el [&hellip;]<\/p>\n","protected":false},"author":6,"featured_media":1396,"comment_status":"open","ping_status":"open","sticky":false,"template":"","format":"standard","meta":{"footnotes":""},"categories":[7],"tags":[],"class_list":["post-1395","post","type-post","status-publish","format-standard","has-post-thumbnail","hentry","category-notas-de-prensa"],"_links":{"self":[{"href":"https:\/\/prensapresidencialvenezuela.gob.ve\/index.php\/wp-json\/wp\/v2\/posts\/1395","targetHints":{"allow":["GET"]}}],"collection":[{"href":"https:\/\/prensapresidencialvenezuela.gob.ve\/index.php\/wp-json\/wp\/v2\/posts"}],"about":[{"href":"https:\/\/prensapresidencialvenezuela.gob.ve\/index.php\/wp-json\/wp\/v2\/types\/post"}],"author":[{"embeddable":true,"href":"https:\/\/prensapresidencialvenezuela.gob.ve\/index.php\/wp-json\/wp\/v2\/users\/6"}],"replies":[{"embeddable":true,"href":"https:\/\/prensapresidencialvenezuela.gob.ve\/index.php\/wp-json\/wp\/v2\/comments?post=1395"}],"version-history":[{"count":1,"href":"https:\/\/prensapresidencialvenezuela.gob.ve\/index.php\/wp-json\/wp\/v2\/posts\/1395\/revisions"}],"predecessor-version":[{"id":1397,"href":"https:\/\/prensapresidencialvenezuela.gob.ve\/index.php\/wp-json\/wp\/v2\/posts\/1395\/revisions\/1397"}],"wp:featuredmedia":[{"embeddable":true,"href":"https:\/\/prensapresidencialvenezuela.gob.ve\/index.php\/wp-json\/wp\/v2\/media\/1396"}],"wp:attachment":[{"href":"https:\/\/prensapresidencialvenezuela.gob.ve\/index.php\/wp-json\/wp\/v2\/media?parent=1395"}],"wp:term":[{"taxonomy":"category","embeddable":true,"href":"https:\/\/prensapresidencialvenezuela.gob.ve\/index.php\/wp-json\/wp\/v2\/categories?post=1395"},{"taxonomy":"post_tag","embeddable":true,"href":"https:\/\/prensapresidencialvenezuela.gob.ve\/index.php\/wp-json\/wp\/v2\/tags?post=1395"}],"curies":[{"name":"wp","href":"https:\/\/api.w.org\/{rel}","templated":true}]}}