{"id":13956,"date":"2024-10-09T20:55:04","date_gmt":"2024-10-10T00:55:04","guid":{"rendered":"https:\/\/prensapresidencialvenezuela.gob.ve\/?p=13956"},"modified":"2024-10-09T20:55:32","modified_gmt":"2024-10-10T00:55:32","slug":"presidente-inauguro-el-centro-de-investigacion-cientifica-de-medicina-tradicional-y-ancestral","status":"publish","type":"post","link":"https:\/\/prensapresidencialvenezuela.gob.ve\/index.php\/2024\/10\/09\/presidente-inauguro-el-centro-de-investigacion-cientifica-de-medicina-tradicional-y-ancestral\/","title":{"rendered":"Presidente inaugur\u00f3 el Centro de Investigaci\u00f3n Cient\u00edfica de Medicina Tradicional y Ancestral"},"content":{"rendered":"\n<p><strong>Altos de Pipe, estado Miranda.- <\/strong>El presidente de la Rep\u00fablica Bolivariana de Venezuela, Nicol\u00e1s Maduro, en el marco de los avances de la Gran Misi\u00f3n, Ciencia, Tecnolog\u00eda e Innovaci\u00f3n, inaugur\u00f3 el Centro de Investigaci\u00f3n Cient\u00edfica en Medicina Tradicional y Ancestral, con la finalidad de preservar el patrimonio biocultural de la Naci\u00f3n.<\/p>\n\n\n\n<p>A trav\u00e9s de un pase televisivo con el gobernador del estado Amazonas, Miguel Rodr\u00edguez y el viceministro de aplicaciones para las generaciones de conocimiento cient\u00edfico, Alberto Quintero, el jefe de Estado puso en marcha este proyecto.<\/p>\n\n\n\n<p>Quintero destac\u00f3 la importancia del centro, \u00fanico en su tipo, el cual crea productos farmac\u00e9uticos basados en conocimientos ind\u00edgenas.<\/p>\n\n\n\n<p>El Mandatario Nacional tambi\u00e9n anunci\u00f3 la designaci\u00f3n a Jes\u00fas Alejandro Cegarra Rodr\u00edguez como presidente del Centro Cient\u00edfico del estado Amazonas.<\/p>\n\n\n\n<p>El Dignatario destac\u00f3 la importancia de la medicina ancestral, porque es la fuente de soluci\u00f3n para el tratamiento en muchos casos la sanaci\u00f3n, la cura de enfermedades. \u201cYa dimos un paso, adem\u00e1s de proteger, investigar, el conocimiento ancestral de los pueblos originarios\u201d.<\/p>\n\n\n\n<p><strong>Prensa Presidencial \/ Geraldine Quintero <\/strong><a><\/a><strong><\/strong><\/p>\n","protected":false},"excerpt":{"rendered":"<p>Altos de Pipe, estado Miranda.- El presidente de la Rep\u00fablica Bolivariana de Venezuela, Nicol\u00e1s Maduro, en el marco de los avances de la Gran Misi\u00f3n, Ciencia, Tecnolog\u00eda e Innovaci\u00f3n, inaugur\u00f3 el Centro de Investigaci\u00f3n Cient\u00edfica en Medicina Tradicional y Ancestral, con la finalidad de preservar el patrimonio biocultural de la Naci\u00f3n. A trav\u00e9s de un [&hellip;]<\/p>\n","protected":false},"author":1,"featured_media":13957,"comment_status":"open","ping_status":"open","sticky":false,"template":"","format":"standard","meta":{"footnotes":""},"categories":[18,7],"tags":[901,950,951],"class_list":["post-13956","post","type-post","status-publish","format-standard","has-post-thumbnail","hentry","category-noticias-principales","category-notas-de-prensa","tag-amazonas","tag-ancestros","tag-medicina"],"_links":{"self":[{"href":"https:\/\/prensapresidencialvenezuela.gob.ve\/index.php\/wp-json\/wp\/v2\/posts\/13956","targetHints":{"allow":["GET"]}}],"collection":[{"href":"https:\/\/prensapresidencialvenezuela.gob.ve\/index.php\/wp-json\/wp\/v2\/posts"}],"about":[{"href":"https:\/\/prensapresidencialvenezuela.gob.ve\/index.php\/wp-json\/wp\/v2\/types\/post"}],"author":[{"embeddable":true,"href":"https:\/\/prensapresidencialvenezuela.gob.ve\/index.php\/wp-json\/wp\/v2\/users\/1"}],"replies":[{"embeddable":true,"href":"https:\/\/prensapresidencialvenezuela.gob.ve\/index.php\/wp-json\/wp\/v2\/comments?post=13956"}],"version-history":[{"count":1,"href":"https:\/\/prensapresidencialvenezuela.gob.ve\/index.php\/wp-json\/wp\/v2\/posts\/13956\/revisions"}],"predecessor-version":[{"id":13958,"href":"https:\/\/prensapresidencialvenezuela.gob.ve\/index.php\/wp-json\/wp\/v2\/posts\/13956\/revisions\/13958"}],"wp:featuredmedia":[{"embeddable":true,"href":"https:\/\/prensapresidencialvenezuela.gob.ve\/index.php\/wp-json\/wp\/v2\/media\/13957"}],"wp:attachment":[{"href":"https:\/\/prensapresidencialvenezuela.gob.ve\/index.php\/wp-json\/wp\/v2\/media?parent=13956"}],"wp:term":[{"taxonomy":"category","embeddable":true,"href":"https:\/\/prensapresidencialvenezuela.gob.ve\/index.php\/wp-json\/wp\/v2\/categories?post=13956"},{"taxonomy":"post_tag","embeddable":true,"href":"https:\/\/prensapresidencialvenezuela.gob.ve\/index.php\/wp-json\/wp\/v2\/tags?post=13956"}],"curies":[{"name":"wp","href":"https:\/\/api.w.org\/{rel}","templated":true}]}}