{"id":13987,"date":"2024-10-12T17:38:40","date_gmt":"2024-10-12T21:38:40","guid":{"rendered":"https:\/\/prensapresidencialvenezuela.gob.ve\/?p=13987"},"modified":"2024-10-14T14:18:28","modified_gmt":"2024-10-14T18:18:28","slug":"presidente-maduro-somos-herederos-de-la-raiz-de-la-patria-india","status":"publish","type":"post","link":"https:\/\/prensapresidencialvenezuela.gob.ve\/index.php\/2024\/10\/12\/presidente-maduro-somos-herederos-de-la-raiz-de-la-patria-india\/","title":{"rendered":"Presidente Maduro: Somos herederos de la ra\u00edz de la Patria India"},"content":{"rendered":"\n<p><strong>Palacio de Miraflores, Caracas.-<\/strong>El presidente de la Rep\u00fablica Bolivariana de Venezuela, Nicol\u00e1s Maduro, conmemor\u00f3 los 532 a\u00f1os del D\u00eda de la Resistencia Ind\u00edgena. A trav\u00e9s de un contacto telef\u00f3nico al pueblo originario que se moviliz\u00f3 en esta emblem\u00e1tica fecha, el Mandatario reafirm\u00f3 su alegr\u00eda por la gran demostraci\u00f3n de apoyo de las fuerzas populares en la movilizaci\u00f3n que recorri\u00f3 distintos puntos de la ciudad de Caracas.<\/p>\n\n\n\n<p>\u00abSeguimos marchando, marchando firmemente me alegra mucho que esta demostraci\u00f3n de fuerza que hoy se ha visto en Caracas una demostraci\u00f3n de que la fuerza populares ind\u00edgenas, afros, de que las fuerzas revolucionarias de Venezuela seguimos en las calles porque las calles son del pueblo y no de la oligarqu\u00eda\u00bb.<\/p>\n\n\n\n<p>El Mandatario Nacional en el d\u00eda de la resistencia ind\u00edgena evoc\u00f3 que \u00abdesde 1492 ocurri\u00f3 el m\u00e1s grande genocidio en la historia de la humanidad (\u2026) 532 a\u00f1os de lucha, somos lo mas hermoso del legado de los gigantes de la historia, herederos de la ra\u00edz de la Patria India\u00bb. <\/p>\n\n\n\n<p>\u00abSomos los de ayer y los come candela de hoy pa que respeten los imperios, aqu\u00ed estamos los hijos de los come candela que nos enfrentaron pero se arrodillaron a nuestros abuelos africanos que llegaron\u00bb, subray\u00f3 el presidente Maduro.<\/p>\n\n\n\n<p>En este sentido, el jefe de Estado venezolano inst\u00f3 a consolidar un instituto para el rescate de todas las lenguas ind\u00edgenas originarias, planes de vivienda, salud, tambi\u00e9n la consolidaci\u00f3n de la organizaci\u00f3n de la juventud ind\u00edgena en cada comunidad y la consolidaci\u00f3n de la milicia ind\u00edgena, en aras de fortalecer y preservar la soberan\u00eda y el patrimonio cultural de la Naci\u00f3n.<\/p>\n\n\n\n<p>El Dignatario detall\u00f3 la fortaleza del pueblo venezolano y la lucha de los pueblos originarios contra el proceso de colonizaci\u00f3n hace 532 a\u00f1os.<\/p>\n\n\n\n<p>\u00abQue viva el d\u00eda de la resistencia ind\u00edgena que viva la patria india somos un pueblo combatiente\u00bb, puntualiz\u00f3.<\/p>\n\n\n\n<p><strong>Prensa presidencial | Geraldine Quintero<\/strong><\/p>\n","protected":false},"excerpt":{"rendered":"<p>Palacio de Miraflores, Caracas.-El presidente de la Rep\u00fablica Bolivariana de Venezuela, Nicol\u00e1s Maduro, conmemor\u00f3 los 532 a\u00f1os del D\u00eda de la Resistencia Ind\u00edgena. A trav\u00e9s de un contacto telef\u00f3nico al pueblo originario que se moviliz\u00f3 en esta emblem\u00e1tica fecha, el Mandatario reafirm\u00f3 su alegr\u00eda por la gran demostraci\u00f3n de apoyo de las fuerzas populares en [&hellip;]<\/p>\n","protected":false},"author":1,"featured_media":13988,"comment_status":"open","ping_status":"open","sticky":false,"template":"","format":"standard","meta":{"footnotes":""},"categories":[18,7],"tags":[30,19,20],"class_list":["post-13987","post","type-post","status-publish","format-standard","has-post-thumbnail","hentry","category-noticias-principales","category-notas-de-prensa","tag-destacado","tag-nicolas-maduro","tag-venezuela"],"_links":{"self":[{"href":"https:\/\/prensapresidencialvenezuela.gob.ve\/index.php\/wp-json\/wp\/v2\/posts\/13987","targetHints":{"allow":["GET"]}}],"collection":[{"href":"https:\/\/prensapresidencialvenezuela.gob.ve\/index.php\/wp-json\/wp\/v2\/posts"}],"about":[{"href":"https:\/\/prensapresidencialvenezuela.gob.ve\/index.php\/wp-json\/wp\/v2\/types\/post"}],"author":[{"embeddable":true,"href":"https:\/\/prensapresidencialvenezuela.gob.ve\/index.php\/wp-json\/wp\/v2\/users\/1"}],"replies":[{"embeddable":true,"href":"https:\/\/prensapresidencialvenezuela.gob.ve\/index.php\/wp-json\/wp\/v2\/comments?post=13987"}],"version-history":[{"count":2,"href":"https:\/\/prensapresidencialvenezuela.gob.ve\/index.php\/wp-json\/wp\/v2\/posts\/13987\/revisions"}],"predecessor-version":[{"id":14001,"href":"https:\/\/prensapresidencialvenezuela.gob.ve\/index.php\/wp-json\/wp\/v2\/posts\/13987\/revisions\/14001"}],"wp:featuredmedia":[{"embeddable":true,"href":"https:\/\/prensapresidencialvenezuela.gob.ve\/index.php\/wp-json\/wp\/v2\/media\/13988"}],"wp:attachment":[{"href":"https:\/\/prensapresidencialvenezuela.gob.ve\/index.php\/wp-json\/wp\/v2\/media?parent=13987"}],"wp:term":[{"taxonomy":"category","embeddable":true,"href":"https:\/\/prensapresidencialvenezuela.gob.ve\/index.php\/wp-json\/wp\/v2\/categories?post=13987"},{"taxonomy":"post_tag","embeddable":true,"href":"https:\/\/prensapresidencialvenezuela.gob.ve\/index.php\/wp-json\/wp\/v2\/tags?post=13987"}],"curies":[{"name":"wp","href":"https:\/\/api.w.org\/{rel}","templated":true}]}}