{"id":13990,"date":"2024-10-12T19:23:09","date_gmt":"2024-10-12T23:23:09","guid":{"rendered":"https:\/\/prensapresidencialvenezuela.gob.ve\/?p=13990"},"modified":"2024-10-14T14:21:00","modified_gmt":"2024-10-14T18:21:00","slug":"presidente-maduro-somos-la-america-bolivariana-la-america-de-la-resistencia","status":"publish","type":"post","link":"https:\/\/prensapresidencialvenezuela.gob.ve\/index.php\/2024\/10\/12\/presidente-maduro-somos-la-america-bolivariana-la-america-de-la-resistencia\/","title":{"rendered":"Presidente Maduro: Somos la Am\u00e9rica bolivariana y de resistencia"},"content":{"rendered":"\n<p><strong>Palacio de Miraflores, Caracas.-<\/strong>El presidente de la Rep\u00fablica Bolivariana de Venezuela, Nicol\u00e1s Maduro, destac\u00f3 que se debe seguir dando la batalla por la cosmovisi\u00f3n de lo que ocurri\u00f3 el D\u00eda de la Resistencia Ind\u00edgena.<\/p>\n\n\n\n<p>En referencia a las afirmaciones de Espa\u00f1a, de celebrar este d\u00eda como el D\u00eda de la Raza, se\u00f1al\u00f3: \u00abNo se atreven a decir que es un crimen, ahora dicen que es el d\u00eda de la hispanidad y que nosotros somos hispanos.Y nos llaman hispanoam\u00e9rica. Nosotros no somos hispanoam\u00e9rica. Nosotros somos nuestra Am\u00e9rica rebelde. Somos la Am\u00e9rica Bolivariana.La Am\u00e9rica de la Resistencia \u00a1que no se equivoquen!\u00bb.<\/p>\n\n\n\n<p>Asimismo, el Mandatario Nacional destac\u00f3 que se debe seguir dando la batalla en la cosmovisi\u00f3n de lo que aconteci\u00f3 en el pasado, dado que Espa\u00f1a afirma que fue \u00abun proceso de civilizaci\u00f3n (\u2026) que ellos vinieron a civilizarnos (\u2026) que nos descubrieron\u00bb.<\/p>\n\n\n\n<p>En ese sentido, agreg\u00f3 que quieren imponer el falso relato del proyecto racista (\u2026) niegan los derechos de los pueblos, de la independencia y el futuro de nuestro pueblo\u00bb.<\/p>\n\n\n\n<p>Asimismo, el presidente Maduro resalt\u00f3 la lucha de los pueblos originarios. \u00abSi nuestro pasado fue de resistencia, de rebeld\u00eda frente al genocidio es porque nuestro presente es de construcci\u00f3n de una nueva sociedad y a los fascistas les decimos: no han podido ni podr\u00e1n prevalecer\u00e1 la visi\u00f3n revolucionaria hacia el futuro de lo que ha sido es y ser\u00e1 la resistencia de nuestro pueblo sigamos fortaleciendo la organizaci\u00f3n\u00bb.<\/p>\n\n\n\n<p>El Dignatario se\u00f1al\u00f3 que \u00abla extrema derecha y los fascistas quieren celebrar el crimen, la sangre y el genocidio, all\u00e1 ellos, demonios y demonias. Nosotros nos preparamos para luchando para seguir derrot\u00e1ndolo y para seguir el camino que nos trazaron Chacao, Caricuao y el camino que se\u00f1al\u00f3 nuestro gran libertador Sim\u00f3n Bol\u00edvar. Estamos en el camino correcto.Estamos del lado correcto de la historia\u00bb.<\/p>\n\n\n\n<p>En el contacto telef\u00f3nico con la marcha protagonizada por los pueblos originarios, tambi\u00e9n enfatiz\u00f3 que \u00abVenezuela est\u00e1 levantando la bandera de la solidaridad con el pueblo \u00e1rabe de Palesquina, del L\u00edbano, de Siria, con el pueblo persa de Ir\u00e1n, y desde Caracas decimos: La resistencia se une a la resistencia de los pueblos \u00e1rabes, palestinos\u00bb.<\/p>\n\n\n\n<p><strong>Prensa presidencial\/ Geraldine Quintero<\/strong><\/p>\n","protected":false},"excerpt":{"rendered":"<p>Palacio de Miraflores, Caracas.-El presidente de la Rep\u00fablica Bolivariana de Venezuela, Nicol\u00e1s Maduro, destac\u00f3 que se debe seguir dando la batalla por la cosmovisi\u00f3n de lo que ocurri\u00f3 el D\u00eda de la Resistencia Ind\u00edgena. En referencia a las afirmaciones de Espa\u00f1a, de celebrar este d\u00eda como el D\u00eda de la Raza, se\u00f1al\u00f3: \u00abNo se atreven [&hellip;]<\/p>\n","protected":false},"author":1,"featured_media":13991,"comment_status":"open","ping_status":"open","sticky":false,"template":"","format":"standard","meta":{"footnotes":""},"categories":[18,7],"tags":[30,19,27,20],"class_list":["post-13990","post","type-post","status-publish","format-standard","has-post-thumbnail","hentry","category-noticias-principales","category-notas-de-prensa","tag-destacado","tag-nicolas-maduro","tag-revolucion-bolivariana","tag-venezuela"],"_links":{"self":[{"href":"https:\/\/prensapresidencialvenezuela.gob.ve\/index.php\/wp-json\/wp\/v2\/posts\/13990","targetHints":{"allow":["GET"]}}],"collection":[{"href":"https:\/\/prensapresidencialvenezuela.gob.ve\/index.php\/wp-json\/wp\/v2\/posts"}],"about":[{"href":"https:\/\/prensapresidencialvenezuela.gob.ve\/index.php\/wp-json\/wp\/v2\/types\/post"}],"author":[{"embeddable":true,"href":"https:\/\/prensapresidencialvenezuela.gob.ve\/index.php\/wp-json\/wp\/v2\/users\/1"}],"replies":[{"embeddable":true,"href":"https:\/\/prensapresidencialvenezuela.gob.ve\/index.php\/wp-json\/wp\/v2\/comments?post=13990"}],"version-history":[{"count":2,"href":"https:\/\/prensapresidencialvenezuela.gob.ve\/index.php\/wp-json\/wp\/v2\/posts\/13990\/revisions"}],"predecessor-version":[{"id":14003,"href":"https:\/\/prensapresidencialvenezuela.gob.ve\/index.php\/wp-json\/wp\/v2\/posts\/13990\/revisions\/14003"}],"wp:featuredmedia":[{"embeddable":true,"href":"https:\/\/prensapresidencialvenezuela.gob.ve\/index.php\/wp-json\/wp\/v2\/media\/13991"}],"wp:attachment":[{"href":"https:\/\/prensapresidencialvenezuela.gob.ve\/index.php\/wp-json\/wp\/v2\/media?parent=13990"}],"wp:term":[{"taxonomy":"category","embeddable":true,"href":"https:\/\/prensapresidencialvenezuela.gob.ve\/index.php\/wp-json\/wp\/v2\/categories?post=13990"},{"taxonomy":"post_tag","embeddable":true,"href":"https:\/\/prensapresidencialvenezuela.gob.ve\/index.php\/wp-json\/wp\/v2\/tags?post=13990"}],"curies":[{"name":"wp","href":"https:\/\/api.w.org\/{rel}","templated":true}]}}