{"id":14004,"date":"2024-10-14T17:45:14","date_gmt":"2024-10-14T21:45:14","guid":{"rendered":"https:\/\/prensapresidencialvenezuela.gob.ve\/?p=14004"},"modified":"2024-10-14T18:03:48","modified_gmt":"2024-10-14T22:03:48","slug":"presidente-maduro-ordeno-cambios-en-el-estado-mayor-superior-de-la-fanb","status":"publish","type":"post","link":"https:\/\/prensapresidencialvenezuela.gob.ve\/index.php\/2024\/10\/14\/presidente-maduro-ordeno-cambios-en-el-estado-mayor-superior-de-la-fanb\/","title":{"rendered":"Presidente Maduro orden\u00f3 cambios en el Estado Mayor Superior de la FANB"},"content":{"rendered":"\n<p><strong>Academia Militar del Ej\u00e9rcito, Caracas.-<\/strong> Desde el caracter\u00edstico Roble y el Sam\u00e1n de la Academia Militar del Ej\u00e9rcito, el presidente de la Rep\u00fablica Bolivariana de Venezuela, Nicol\u00e1s Maduro, hoy lunes 14 de octubre, orden\u00f3 hacer cambios en el Estado Mayor Superior de la Fuerza Armada Nacional Bolivariana (FANB).<\/p>\n\n\n\n<p>Luego de las palabras pronunciadas por el actual y ratificado ministro del Poder Popular para la Defensa, Vladimir Padrino L\u00f3pez: \u201cMi CJ Ha sido una sabia decisi\u00f3n de su parte\u00a0 de todo los nombramiento del Estado Mayor Superior, Vamos\u00a0 a luchar unidos y darle respuesta al pueblo de Venezuela por la\u00a0 paz e integridad territorial e independencia del pa\u00eds\u201d, el Mandatario Nacional agradeci\u00f3 a los que prestaron sus servicios en las labores encomendadas, as\u00ed como tambi\u00e9n ratific\u00f3 otras e hizo nombramiento de nuevas autoridades.<\/p>\n\n\n\n<p>\u201cAgradezco a qui\u00e9nes cumplieron su labor durante todo este tiempo, frente a las importantes responsabilidades que llevaron a cabo de manera impecable y auguro \u00e9xito a qui\u00e9nes son llamados a servir. La misi\u00f3n es la misma: seguir garantizando la independencia, la seguridad y la paz, 3 bienes primordiales de nuestra amada Patria\u201d, subray\u00f3 el Dignatario.<\/p>\n\n\n\n<p><strong>A continuaci\u00f3n, las designaciones del Estado Mayor Superior de la FANB:<\/strong><\/p>\n\n\n\n<p>Ratifiqu\u00e9 al GJ Vladimir Padrino L\u00f3pez como Ministro del Poder Popular para la Defensa, y al GJ Domingo Antonio Hern\u00e1ndez L\u00e1rez al frente de Comando Estrat\u00e9gico Operacional.<\/p>\n\n\n\n<p>Design\u00e9 en la Comandancia General del Ej\u00e9rcito Bolivariano el MG Johan Alexander Hern\u00e1ndez Larez.<\/p>\n\n\n\n<p>En la Comandancia de la Armada Bolivariana, al Almirante Ashraf Andel Hadi Suleim\u00e1n Guti\u00e9rrez.<\/p>\n\n\n\n<p>Al mando de la Aviaci\u00f3n Militar Bolivariana, el MG Len\u00edn Lorenzo Ram\u00edrez Villasmil.<\/p>\n\n\n\n<p>Asimismo, en la Comandancia General de la Guardia Nacional Bolivariana, queda ratificado el MG. El\u00edo Ram\u00f3n Estrada Paredes.<\/p>\n\n\n\n<p>Y al mando de la Gloriosa Milicia Bolivariana, el MG Orlando Ram\u00f3n Romero Bol\u00edvar.<\/p>\n\n\n\n<p>Al frente de Direcci\u00f3n General Contrainteligencia Militar (DGCIM) y la Guardia de Honor Presidencial (GHP), el MG Javier Marcano T\u00e1bata.<\/p>\n\n\n\n<p>Y al frente del Servicio Bolivariano Inteligencia Nacional (SEBIN), el MG Alexis Rodr\u00edguez Cabello.<\/p>\n\n\n\n<p>Asimismo renov\u00e9 los comandos de las REDI de la siguiente forma:<\/p>\n\n\n\n<p>&#8211; MG. Pedro Esteban Gonz\u00e1lez Ovalles.<\/p>\n\n\n\n<p>REDI Occidental.<\/p>\n\n\n\n<p>&#8211; MG. Jos\u00e9 Gregorio Mart\u00ednez Campos.<\/p>\n\n\n\n<p>REDI Los Andes.<\/p>\n\n\n\n<p>&#8211; MG. Royman Antonio Hern\u00e1ndez Brice\u00f1o.<\/p>\n\n\n\n<p>REDI Los Llanos.<\/p>\n\n\n\n<p>&#8211; MG. Jes\u00fas Rafael Villamizar G\u00f3mez.<\/p>\n\n\n\n<p>REDI Central.<\/p>\n\n\n\n<p>&#8211; MG. Dilio Guillermo Rodr\u00edguez D\u00edaz.<\/p>\n\n\n\n<p>REDI Capital.<\/p>\n\n\n\n<p>&#8211; MG. Juan Ernesto Sulbar\u00e1n Quintero (Ratificado)<\/p>\n\n\n\n<p>REDI Oriental.<\/p>\n\n\n\n<p>&#8211; MG. Wilfredo Alexander Medrano Machado.<\/p>\n\n\n\n<p>REDI Guayana.<\/p>\n\n\n\n<p>&#8211; ALM. Jos\u00e9 Rafael Hern\u00e1ndez Abchi.<\/p>\n\n\n\n<p>REDI Mar\u00edtima e Insular.<\/p>\n\n\n\n<p><a><\/a><strong>Prensa Presidencial \/ Geraldine Quintero<\/strong><\/p>\n","protected":false},"excerpt":{"rendered":"<p>Academia Militar del Ej\u00e9rcito, Caracas.- Desde el caracter\u00edstico Roble y el Sam\u00e1n de la Academia Militar del Ej\u00e9rcito, el presidente de la Rep\u00fablica Bolivariana de Venezuela, Nicol\u00e1s Maduro, hoy lunes 14 de octubre, orden\u00f3 hacer cambios en el Estado Mayor Superior de la Fuerza Armada Nacional Bolivariana (FANB). Luego de las palabras pronunciadas por el [&hellip;]<\/p>\n","protected":false},"author":1,"featured_media":14005,"comment_status":"open","ping_status":"open","sticky":false,"template":"","format":"standard","meta":{"footnotes":""},"categories":[18,7],"tags":[813,621,65,875],"class_list":["post-14004","post","type-post","status-publish","format-standard","has-post-thumbnail","hentry","category-noticias-principales","category-notas-de-prensa","tag-cambios","tag-estado","tag-fanb","tag-mayor"],"_links":{"self":[{"href":"https:\/\/prensapresidencialvenezuela.gob.ve\/index.php\/wp-json\/wp\/v2\/posts\/14004","targetHints":{"allow":["GET"]}}],"collection":[{"href":"https:\/\/prensapresidencialvenezuela.gob.ve\/index.php\/wp-json\/wp\/v2\/posts"}],"about":[{"href":"https:\/\/prensapresidencialvenezuela.gob.ve\/index.php\/wp-json\/wp\/v2\/types\/post"}],"author":[{"embeddable":true,"href":"https:\/\/prensapresidencialvenezuela.gob.ve\/index.php\/wp-json\/wp\/v2\/users\/1"}],"replies":[{"embeddable":true,"href":"https:\/\/prensapresidencialvenezuela.gob.ve\/index.php\/wp-json\/wp\/v2\/comments?post=14004"}],"version-history":[{"count":2,"href":"https:\/\/prensapresidencialvenezuela.gob.ve\/index.php\/wp-json\/wp\/v2\/posts\/14004\/revisions"}],"predecessor-version":[{"id":14007,"href":"https:\/\/prensapresidencialvenezuela.gob.ve\/index.php\/wp-json\/wp\/v2\/posts\/14004\/revisions\/14007"}],"wp:featuredmedia":[{"embeddable":true,"href":"https:\/\/prensapresidencialvenezuela.gob.ve\/index.php\/wp-json\/wp\/v2\/media\/14005"}],"wp:attachment":[{"href":"https:\/\/prensapresidencialvenezuela.gob.ve\/index.php\/wp-json\/wp\/v2\/media?parent=14004"}],"wp:term":[{"taxonomy":"category","embeddable":true,"href":"https:\/\/prensapresidencialvenezuela.gob.ve\/index.php\/wp-json\/wp\/v2\/categories?post=14004"},{"taxonomy":"post_tag","embeddable":true,"href":"https:\/\/prensapresidencialvenezuela.gob.ve\/index.php\/wp-json\/wp\/v2\/tags?post=14004"}],"curies":[{"name":"wp","href":"https:\/\/api.w.org\/{rel}","templated":true}]}}