{"id":14008,"date":"2024-10-14T21:51:21","date_gmt":"2024-10-15T01:51:21","guid":{"rendered":"https:\/\/prensapresidencialvenezuela.gob.ve\/?p=14008"},"modified":"2024-10-14T21:54:24","modified_gmt":"2024-10-15T01:54:24","slug":"el-objetivo-de-las-redes-sociales-es-lograr-la-hegemonia-comunicacional","status":"publish","type":"post","link":"https:\/\/prensapresidencialvenezuela.gob.ve\/index.php\/2024\/10\/14\/el-objetivo-de-las-redes-sociales-es-lograr-la-hegemonia-comunicacional\/","title":{"rendered":"El objetivo de las redes sociales es lograr la hegemon\u00eda comunicacional"},"content":{"rendered":"\n<p><strong>Sede de Gran Misi\u00f3n Venezuela Joven, Caracas.- <\/strong>En un encuentro transmitido a trav\u00e9s del programa <em>Con Maduro M\u00e1s<\/em>, el presidente venezolano, Nicol\u00e1s Maduro, convers\u00f3 con los <em>influencers<\/em> argentinos, Diego Su\u00e1rez (\u00abMichelo\u00bb), Javier G\u00f3mez (\u00abJavi Flama\u00bb) y Cesar Pati\u00f1o, perteneciente al Movimiento Alboroto Creativo. Los tres debatieron la influencia de las redes sociales en la opini\u00f3n p\u00fablica y la manipulaci\u00f3n medi\u00e1tica.<\/p>\n\n\n\n<p>Michelo comenz\u00f3 su intervenci\u00f3n reflexionando sobre el simbolismo de acciones similares, con respecto a la destrucci\u00f3n de la estatua de Hugo Ch\u00e1vez, como lo que se realiz\u00f3 en Medio Oriente.<\/p>\n\n\n\n<p>\u00abCuando tiraban la estatua todos festejaban (\u2026). Esto tambi\u00e9n pas\u00f3 en Medio Oriente cuando la tiraban. Y yo digo, es la misma historia. Y qu\u00e9 pas\u00f3 con la gente, dijeron: \u201cDespu\u00e9s de la estatua ah\u00ed, del presidente, en Medio Oriente, sal\u00ed a llorar, ese fue el peor error que hicimos. Nosotros nos quej\u00e1bamos de todo esto, pero estamos en la miseria total, lo perdimos. Nosotros nos quej\u00e1bamos de todo esto, pero no est\u00e1bamos en la miseria total. Lo perdimo\u201ds\u00bb, rese\u00f1\u00f3.<\/p>\n\n\n\n<p>Maduro, en respuesta, contextualiz\u00f3 la violencia de las intervenciones militares en el mundo.<\/p>\n\n\n\n<p>\u00abLe cayeron los misiles; porque cuando los gringos lanzaron los misiles sobre Bagdad no le cayeron solamente a los partidarios del gobierno de entonces, de Sadam Husein, mataron gente, un mill\u00f3n de muertos hubo en Irak\u00bb, detall\u00f3.<\/p>\n\n\n\n<p>Durante el conversatorio, Michelo mencion\u00f3 la censura que enfrenta en las plataformas digitales cuando realiz\u00f3 ese video, donde compar\u00f3 las estatuas; el cual \u00ablleg\u00f3 a m\u00e1s de 15 millones con ese video, empez\u00f3 a explotar el algoritmo, porque claro, fue una cuenta de 26 millones con un video viral y en 24 horas fue bloqueada la cuenta hasta ahora\u00bb, relat\u00f3.<\/p>\n\n\n\n<p>\u00abY es tan alevoso que uno ve por ejemplo a \u201cLa Divaza\u201d, que dice: \u201cYo los quiero muerto a los chavistas, los quiero, y junten plata para <em>Black Water<\/em>\u201d, un grupo de mercenarios, eso es terrorismo puro\u00bb, denunci\u00f3.<\/p>\n\n\n\n<p>En este sentido, el presidente Maduro indic\u00f3 que en estas grandes plataformas de redes sociales este tipo de acciones son favorecidos por \u00ablos due\u00f1os de redes, que son las famosas hegem\u00f3nicas (\u2026). Va a haber grandes cambios mundiales y va a incluir tambi\u00e9n el surgimiento de redes alternativas, que van a acabar con toda esa manipulaci\u00f3n\u00bb, vaticin\u00f3.<\/p>\n\n\n\n<p>Por su parte, Javi Flama comparti\u00f3 su experiencia sobre c\u00f3mo su contenido es etiquetado por los algoritmos de <em>TikTok<\/em>.<\/p>\n\n\n\n<p>&nbsp;\u00abEstamos dando unos cursos para potenciar y crear nuevos <em>influencers<\/em>. Y viniendo al caso, al tema, uno de los videos con uno de los chicos es: \u201c\u00bfPor qu\u00e9 Venezuela es el mejor pa\u00eds del mundo?\u201d, pero <em>TikTok<\/em> autom\u00e1ticamente los rotula y les pone una etiqueta. El video en ning\u00fan momento le menciona a usted, presidente, para nada, simplemente habla de Venezuela y autom\u00e1ticamente, mira el nombre que le puso: \u201cMaduro amenazando\u00bb\u00bb, describi\u00f3, evidenciando c\u00f3mo las narrativas se distorsionan en el espacio digital.<\/p>\n\n\n\n<p>En este programa de televisi\u00f3n, el presidente Maduro llam\u00f3 a los creadores de contenido a la creatividad y la resistencia frente a la censura de las redes sociales.<\/p>\n\n\n\n<p>\u00abMientras tanto nosotros tenemos que ser muy creativos, nos obligan a ser m\u00e1s creativos. \u00a1Mejor!\u00bb.<\/p>\n\n\n\n<p><strong>Prensa presidencial \/Eduardo Hueck <\/strong><a><\/a><strong><\/strong><\/p>\n","protected":false},"excerpt":{"rendered":"<p>Sede de Gran Misi\u00f3n Venezuela Joven, Caracas.- En un encuentro transmitido a trav\u00e9s del programa Con Maduro M\u00e1s, el presidente venezolano, Nicol\u00e1s Maduro, convers\u00f3 con los influencers argentinos, Diego Su\u00e1rez (\u00abMichelo\u00bb), Javier G\u00f3mez (\u00abJavi Flama\u00bb) y Cesar Pati\u00f1o, perteneciente al Movimiento Alboroto Creativo. Los tres debatieron la influencia de las redes sociales en la opini\u00f3n [&hellip;]<\/p>\n","protected":false},"author":1,"featured_media":14009,"comment_status":"open","ping_status":"open","sticky":false,"template":"","format":"standard","meta":{"footnotes":""},"categories":[18,7],"tags":[959,719,960],"class_list":["post-14008","post","type-post","status-publish","format-standard","has-post-thumbnail","hentry","category-noticias-principales","category-notas-de-prensa","tag-comunicacion","tag-redes","tag-social"],"_links":{"self":[{"href":"https:\/\/prensapresidencialvenezuela.gob.ve\/index.php\/wp-json\/wp\/v2\/posts\/14008","targetHints":{"allow":["GET"]}}],"collection":[{"href":"https:\/\/prensapresidencialvenezuela.gob.ve\/index.php\/wp-json\/wp\/v2\/posts"}],"about":[{"href":"https:\/\/prensapresidencialvenezuela.gob.ve\/index.php\/wp-json\/wp\/v2\/types\/post"}],"author":[{"embeddable":true,"href":"https:\/\/prensapresidencialvenezuela.gob.ve\/index.php\/wp-json\/wp\/v2\/users\/1"}],"replies":[{"embeddable":true,"href":"https:\/\/prensapresidencialvenezuela.gob.ve\/index.php\/wp-json\/wp\/v2\/comments?post=14008"}],"version-history":[{"count":1,"href":"https:\/\/prensapresidencialvenezuela.gob.ve\/index.php\/wp-json\/wp\/v2\/posts\/14008\/revisions"}],"predecessor-version":[{"id":14010,"href":"https:\/\/prensapresidencialvenezuela.gob.ve\/index.php\/wp-json\/wp\/v2\/posts\/14008\/revisions\/14010"}],"wp:featuredmedia":[{"embeddable":true,"href":"https:\/\/prensapresidencialvenezuela.gob.ve\/index.php\/wp-json\/wp\/v2\/media\/14009"}],"wp:attachment":[{"href":"https:\/\/prensapresidencialvenezuela.gob.ve\/index.php\/wp-json\/wp\/v2\/media?parent=14008"}],"wp:term":[{"taxonomy":"category","embeddable":true,"href":"https:\/\/prensapresidencialvenezuela.gob.ve\/index.php\/wp-json\/wp\/v2\/categories?post=14008"},{"taxonomy":"post_tag","embeddable":true,"href":"https:\/\/prensapresidencialvenezuela.gob.ve\/index.php\/wp-json\/wp\/v2\/tags?post=14008"}],"curies":[{"name":"wp","href":"https:\/\/api.w.org\/{rel}","templated":true}]}}