{"id":14011,"date":"2024-10-14T21:59:02","date_gmt":"2024-10-15T01:59:02","guid":{"rendered":"https:\/\/prensapresidencialvenezuela.gob.ve\/?p=14011"},"modified":"2024-10-14T21:59:41","modified_gmt":"2024-10-15T01:59:41","slug":"maduro-llama-a-la-juventud-a-desarrollar-el-pensamiento-critico","status":"publish","type":"post","link":"https:\/\/prensapresidencialvenezuela.gob.ve\/index.php\/2024\/10\/14\/maduro-llama-a-la-juventud-a-desarrollar-el-pensamiento-critico\/","title":{"rendered":"Presidente Maduro llama a la juventud a desarrollar el pensamiento cr\u00edtico"},"content":{"rendered":"\n<p><strong>Sede de Gran Misi\u00f3n Venezuela Joven, Caracas.- <\/strong>En la emisi\u00f3n de su programa <em>Con Maduro M\u00e1s<\/em>, el presidente de la Rep\u00fablica Bolivariana de Venezuela, Nicol\u00e1s Maduro, enfatiz\u00f3 la importancia de la educaci\u00f3n y la conciencia cr\u00edtica en la juventud venezolana.<\/p>\n\n\n\n<p>\u00abLa juventud debe saberlo. Por eso tenemos que construir un sistema educativo, cultural, comunicacional, que vaya de la calle, del aula de clase, del hogar, a las redes y nosotros dar la resistencia contracultural y vencer en cada pa\u00eds, en cada tema, en cada comunicaci\u00f3n\u00bb, afirm\u00f3.<\/p>\n\n\n\n<p>El presidente Maduro subray\u00f3 la necesidad de iniciar este proceso desde la educaci\u00f3n primaria.<\/p>\n\n\n\n<p>\u00abEn la escuela primaria, a los 6 a\u00f1os, en el liceo, en esa edad estamos obligados muchachos, a llevar educaci\u00f3n, a crear conciencia cr\u00edtica\u00bb, destac\u00f3. Adem\u00e1s, hizo hincapi\u00e9 en el rol fundamental que juegan los hogares en este aspecto: \u00abEn el hogar estamos obligados a crear conciencia cr\u00edtica, y decirle a los muchachos, \u201cno todo lo que brilla es oro\u201d, no todo lo que ves ah\u00ed es verdad\u00bb, destac\u00f3.<\/p>\n\n\n\n<p>El Mandatario tambi\u00e9n abord\u00f3 el impacto de las redes sociales y la desinformaci\u00f3n, advirtiendo sobre los <em>fake news<\/em> y las \u00abcampa\u00f1as adictivas\u00bb, que pueden manipular a los j\u00f3venes, \u00abpara que uno dependa psicol\u00f3gicamente, y te molestan, te entristecen, te alegran, te enga\u00f1an\u00bb, detall\u00f3.<\/p>\n\n\n\n<p>En este sentido, indic\u00f3: \u00abHay que crear con educaci\u00f3n conciencia cr\u00edtica, esa es la mejor vacuna. Cuando a m\u00ed me dicen: \u201c\u00bfCu\u00e1l es la vacuna frente al virus de la manipulaci\u00f3n y la pandemia de las redes sociales?\u201d. Yo digo: \u201cEducaci\u00f3n, conciencia cr\u00edtica\u201d\u00bb.<\/p>\n\n\n\n<p>Refiri\u00e9ndose a Elon Musk y Mark Zuckerberg, Maduro enfatiz\u00f3 que aunque estos individuos tienen un dominio mundial a trav\u00e9s de sus redes sociales, \u00abtambi\u00e9n tenemos un poder muy grande, que es el poder de la palabra, el poder de la conciencia\u00bb.<\/p>\n\n\n\n<p>Finalmente, el presidente reflexion\u00f3 sobre la evoluci\u00f3n de los medios de comunicaci\u00f3n: \u00abLa prensa escrita desapareci\u00f3 en el mundo. La radio todav\u00eda existe, tiene influencia, pero merm\u00f3. Nadie ve televisi\u00f3n, la gente est\u00e1 viendo en <em>YouTube<\/em>\u00bb, explic\u00f3.<\/p>\n\n\n\n<p>Asimismo, anim\u00f3 a los j\u00f3venes a aprovechar las oportunidades que ofrecen estos nuevos medios.<\/p>\n\n\n\n<p><strong>Prensa presidencial \/Eduardo Hueck <\/strong><a><\/a><strong><\/strong><\/p>\n","protected":false},"excerpt":{"rendered":"<p>Sede de Gran Misi\u00f3n Venezuela Joven, Caracas.- En la emisi\u00f3n de su programa Con Maduro M\u00e1s, el presidente de la Rep\u00fablica Bolivariana de Venezuela, Nicol\u00e1s Maduro, enfatiz\u00f3 la importancia de la educaci\u00f3n y la conciencia cr\u00edtica en la juventud venezolana. \u00abLa juventud debe saberlo. Por eso tenemos que construir un sistema educativo, cultural, comunicacional, que [&hellip;]<\/p>\n","protected":false},"author":1,"featured_media":14013,"comment_status":"open","ping_status":"open","sticky":false,"template":"","format":"standard","meta":{"footnotes":""},"categories":[18,7],"tags":[962,961],"class_list":["post-14011","post","type-post","status-publish","format-standard","has-post-thumbnail","hentry","category-noticias-principales","category-notas-de-prensa","tag-critico","tag-pensamiento"],"_links":{"self":[{"href":"https:\/\/prensapresidencialvenezuela.gob.ve\/index.php\/wp-json\/wp\/v2\/posts\/14011","targetHints":{"allow":["GET"]}}],"collection":[{"href":"https:\/\/prensapresidencialvenezuela.gob.ve\/index.php\/wp-json\/wp\/v2\/posts"}],"about":[{"href":"https:\/\/prensapresidencialvenezuela.gob.ve\/index.php\/wp-json\/wp\/v2\/types\/post"}],"author":[{"embeddable":true,"href":"https:\/\/prensapresidencialvenezuela.gob.ve\/index.php\/wp-json\/wp\/v2\/users\/1"}],"replies":[{"embeddable":true,"href":"https:\/\/prensapresidencialvenezuela.gob.ve\/index.php\/wp-json\/wp\/v2\/comments?post=14011"}],"version-history":[{"count":2,"href":"https:\/\/prensapresidencialvenezuela.gob.ve\/index.php\/wp-json\/wp\/v2\/posts\/14011\/revisions"}],"predecessor-version":[{"id":14015,"href":"https:\/\/prensapresidencialvenezuela.gob.ve\/index.php\/wp-json\/wp\/v2\/posts\/14011\/revisions\/14015"}],"wp:featuredmedia":[{"embeddable":true,"href":"https:\/\/prensapresidencialvenezuela.gob.ve\/index.php\/wp-json\/wp\/v2\/media\/14013"}],"wp:attachment":[{"href":"https:\/\/prensapresidencialvenezuela.gob.ve\/index.php\/wp-json\/wp\/v2\/media?parent=14011"}],"wp:term":[{"taxonomy":"category","embeddable":true,"href":"https:\/\/prensapresidencialvenezuela.gob.ve\/index.php\/wp-json\/wp\/v2\/categories?post=14011"},{"taxonomy":"post_tag","embeddable":true,"href":"https:\/\/prensapresidencialvenezuela.gob.ve\/index.php\/wp-json\/wp\/v2\/tags?post=14011"}],"curies":[{"name":"wp","href":"https:\/\/api.w.org\/{rel}","templated":true}]}}