{"id":14016,"date":"2024-10-14T22:04:12","date_gmt":"2024-10-15T02:04:12","guid":{"rendered":"https:\/\/prensapresidencialvenezuela.gob.ve\/?p=14016"},"modified":"2024-10-14T22:04:12","modified_gmt":"2024-10-15T02:04:12","slug":"pueblos-indigenas-activados-en-2-mil-300-consejos-comunales-y-358-circuitos-comunales","status":"publish","type":"post","link":"https:\/\/prensapresidencialvenezuela.gob.ve\/index.php\/2024\/10\/14\/pueblos-indigenas-activados-en-2-mil-300-consejos-comunales-y-358-circuitos-comunales\/","title":{"rendered":"Pueblos ind\u00edgenas activados en 2 mil 300 consejos comunales y 358 circuitos comunales"},"content":{"rendered":"\n<p><strong>Sede de Gran Misi\u00f3n Venezuela Joven, Caracas.- <\/strong>Durante su participaci\u00f3n en el programa <em>Con Maduro M\u00e1s<\/em>, la ministra del Poder Popular para los Pueblos Ind\u00edgenas, Clara Vidal, inform\u00f3 que para la fecha los pueblos ind\u00edgenas est\u00e1n activados en 2 mil 300 consejos comunales y 358 circuitos comunales.<\/p>\n\n\n\n<p>\u00abNosotros, a trav\u00e9s de los circuitos comunales, a trav\u00e9s de los consejos comunales, que es una organizaci\u00f3n m\u00e1s dentro de nuestros pueblos ind\u00edgenas, que se ha fortalecido, tenemos m\u00e1s de 2 300 consejos comunales y 358 circuitos comunales en territorios ind\u00edgenas\u00bb.<\/p>\n\n\n\n<p>La ministra tambi\u00e9n destac\u00f3 sobre los esfuerzos en curso para adecuar nuevos circuitos comunales, asegurando que se respeta \u00absu visi\u00f3n, la organizaci\u00f3n propia de los pueblos ind\u00edgenas, para poder nosotros llevar la atenci\u00f3n de acuerdo al Poder Popular y a la atenci\u00f3n directa\u00bb.<\/p>\n\n\n\n<p>Asimismo, resalt\u00f3 la riqueza cultural y ling\u00fc\u00edstica de Venezuela, subrayando que existen \u00abm\u00e1s de 34 idiomas ind\u00edgenas, m\u00e1s de 44 pueblos en Venezuela, eso significa una resistencia ante cualquier imperio y que es una historia que nosotros debemos garantizar la permanencia de nuestros pueblos ind\u00edgenas\u00bb.<\/p>\n\n\n\n<p>En este sentido, destac\u00f3 el trabajo del Instituto de Idiomas Ind\u00edgenas: \u00abTenemos 33 idiomas con hablantes, tenemos diez que no tienen hablantes y est\u00e1n en pleno trabajo\u00bb.<\/p>\n\n\n\n<p>Para abordar la revitalizaci\u00f3n los idiomas, mencion\u00f3 iniciativas espec\u00edficas: \u00abPor ejemplo, el pueblo Chayma, el pueblo cumanagoto en el estado de Anzo\u00e1tegui. Hemos establecido estudios a trav\u00e9s del Instituto de Idiomas Ind\u00edgenas con los abuelos, con las abuelas\u201d.<\/p>\n\n\n\n<p>Vidal enfatiz\u00f3 que la clave para asegurar esta permanencia radica en \u00abtodo el tema de la educaci\u00f3n intercultural, la identidad cultural\u00bb.<\/p>\n\n\n\n<p><strong>Prensa presidencial \/Eduardo Hueck <\/strong><a><\/a><strong><\/strong><\/p>\n","protected":false},"excerpt":{"rendered":"<p>Sede de Gran Misi\u00f3n Venezuela Joven, Caracas.- Durante su participaci\u00f3n en el programa Con Maduro M\u00e1s, la ministra del Poder Popular para los Pueblos Ind\u00edgenas, Clara Vidal, inform\u00f3 que para la fecha los pueblos ind\u00edgenas est\u00e1n activados en 2 mil 300 consejos comunales y 358 circuitos comunales. \u00abNosotros, a trav\u00e9s de los circuitos comunales, a [&hellip;]<\/p>\n","protected":false},"author":1,"featured_media":14017,"comment_status":"open","ping_status":"open","sticky":false,"template":"","format":"standard","meta":{"footnotes":""},"categories":[18,7],"tags":[80,558,964,963],"class_list":["post-14016","post","type-post","status-publish","format-standard","has-post-thumbnail","hentry","category-noticias-principales","category-notas-de-prensa","tag-comunas","tag-consejos","tag-indigenas","tag-pueblos"],"_links":{"self":[{"href":"https:\/\/prensapresidencialvenezuela.gob.ve\/index.php\/wp-json\/wp\/v2\/posts\/14016","targetHints":{"allow":["GET"]}}],"collection":[{"href":"https:\/\/prensapresidencialvenezuela.gob.ve\/index.php\/wp-json\/wp\/v2\/posts"}],"about":[{"href":"https:\/\/prensapresidencialvenezuela.gob.ve\/index.php\/wp-json\/wp\/v2\/types\/post"}],"author":[{"embeddable":true,"href":"https:\/\/prensapresidencialvenezuela.gob.ve\/index.php\/wp-json\/wp\/v2\/users\/1"}],"replies":[{"embeddable":true,"href":"https:\/\/prensapresidencialvenezuela.gob.ve\/index.php\/wp-json\/wp\/v2\/comments?post=14016"}],"version-history":[{"count":1,"href":"https:\/\/prensapresidencialvenezuela.gob.ve\/index.php\/wp-json\/wp\/v2\/posts\/14016\/revisions"}],"predecessor-version":[{"id":14018,"href":"https:\/\/prensapresidencialvenezuela.gob.ve\/index.php\/wp-json\/wp\/v2\/posts\/14016\/revisions\/14018"}],"wp:featuredmedia":[{"embeddable":true,"href":"https:\/\/prensapresidencialvenezuela.gob.ve\/index.php\/wp-json\/wp\/v2\/media\/14017"}],"wp:attachment":[{"href":"https:\/\/prensapresidencialvenezuela.gob.ve\/index.php\/wp-json\/wp\/v2\/media?parent=14016"}],"wp:term":[{"taxonomy":"category","embeddable":true,"href":"https:\/\/prensapresidencialvenezuela.gob.ve\/index.php\/wp-json\/wp\/v2\/categories?post=14016"},{"taxonomy":"post_tag","embeddable":true,"href":"https:\/\/prensapresidencialvenezuela.gob.ve\/index.php\/wp-json\/wp\/v2\/tags?post=14016"}],"curies":[{"name":"wp","href":"https:\/\/api.w.org\/{rel}","templated":true}]}}