{"id":14022,"date":"2024-10-14T22:19:20","date_gmt":"2024-10-15T02:19:20","guid":{"rendered":"https:\/\/prensapresidencialvenezuela.gob.ve\/?p=14022"},"modified":"2024-10-14T22:19:21","modified_gmt":"2024-10-15T02:19:21","slug":"presidente-maduro-evalua-propuesta-de-liderar-mediacion-con-la-celac-y-alba-tcp-para-abordar-situacion-en-colombia","status":"publish","type":"post","link":"https:\/\/prensapresidencialvenezuela.gob.ve\/index.php\/2024\/10\/14\/presidente-maduro-evalua-propuesta-de-liderar-mediacion-con-la-celac-y-alba-tcp-para-abordar-situacion-en-colombia\/","title":{"rendered":"Presidente Maduro eval\u00faa propuesta de liderar mediaci\u00f3n con la CELAC y ALBA &#8211; TCP para abordar situaci\u00f3n en Colombia"},"content":{"rendered":"\n<p><strong>Sede de Gran Misi\u00f3n Venezuela Joven, Caracas.- <\/strong>El presidente de la Rep\u00fablica Bolivariana de Venezuela, Nicol\u00e1s Maduro Moros, desde su programa <em>Con Maduro +,<\/em> en la secci\u00f3n \u201cZona Digital\u201d, eval\u00faa propuesta del Primer Foro Acad\u00e9mico, donde m\u00e1s de 60 intelectuales, acad\u00e9micos colombianos y venezolanos, de la canciller\u00eda, el pasado 10 de octubre en un gran debate deliberaron, en el &nbsp;esp\u00edritu bolivariano, que Venezuela lidere el proceso de mediaci\u00f3n con la CELAC y el ALBA-TCP, para evitar el intento de golpe de Estado en el pa\u00eds vecino.<\/p>\n\n\n\n<p>\u00abRecibimos la petici\u00f3n de Petro para ayudar en la paz, siempre con prudencia, no practicando con la democracia de micr\u00f3fono. Jam\u00e1s veras una declaraci\u00f3n ni de mi canciller, sobre la democracia de un pa\u00eds\u00bb, destac\u00f3 el jefe de Estado venezolano. &nbsp;<\/p>\n\n\n\n<p>\u00abCaracas tiene la puertas abiertas \u2014el fundador de Colombia, Caracas la de Bol\u00edvar\u2014, est\u00e1n abiertas para que haya un di\u00e1logo y no haya un golpe de Estado y no se viole Constituci\u00f3n. Si a Colombia le va bien, a Venezuela le va bien, somos hermanos, estoy evaluando la propuesta muy seria profesional, ya pronto nos pronunciaremos oficialmente\u00bb, puntualiz\u00f3 el jefe de Estado.<\/p>\n\n\n\n<p>Asimismo, el presidente Maduro detall\u00f3 que no se debe confiar en santanderistas, sino en los revolucionarios, \u00abya nosotros participamos desde la \u00e9poca de Santos, desde que este le dio a Ch\u00e1vez para llamar a la paz. Me dijeron, ayuda Maduro, nunca creas en Santanderistas, siempre cree en un bolivariano, la diferencia es muy grande, abismal es la diferencia entre la verdad y la mentira, la transparencia y la mentira. Son interesados, oportunistas y criminales, si le das la espalda te clavan el pu\u00f1al. Los bolivarianos somos honestos, siempre jugamos con las cartas en la mesa\u00bb.<\/p>\n\n\n\n<p>Estas conversaciones son el hilo conductor para la contribuci\u00f3n del respeto a la soberan\u00eda, respeto a la institucionalidad, fortaleciendo los lazos de cooperaci\u00f3n y profundizando alianzas estrat\u00e9gicas con naciones hermanas, trazando una agenda com\u00fan para afrontar los desaf\u00edos de la geopol\u00edtica, en el marco de la Diplomacia Bolivariana de Paz.<\/p>\n\n\n\n<p><strong>Prensa presidencial \/ Geraldine Quintero.<\/strong><\/p>\n","protected":false},"excerpt":{"rendered":"<p>Sede de Gran Misi\u00f3n Venezuela Joven, Caracas.- El presidente de la Rep\u00fablica Bolivariana de Venezuela, Nicol\u00e1s Maduro Moros, desde su programa Con Maduro +, en la secci\u00f3n \u201cZona Digital\u201d, eval\u00faa propuesta del Primer Foro Acad\u00e9mico, donde m\u00e1s de 60 intelectuales, acad\u00e9micos colombianos y venezolanos, de la canciller\u00eda, el pasado 10 de octubre en un gran [&hellip;]<\/p>\n","protected":false},"author":1,"featured_media":14023,"comment_status":"open","ping_status":"open","sticky":false,"template":"","format":"standard","meta":{"footnotes":""},"categories":[18,7],"tags":[180,117],"class_list":["post-14022","post","type-post","status-publish","format-standard","has-post-thumbnail","hentry","category-noticias-principales","category-notas-de-prensa","tag-alba","tag-celac"],"_links":{"self":[{"href":"https:\/\/prensapresidencialvenezuela.gob.ve\/index.php\/wp-json\/wp\/v2\/posts\/14022","targetHints":{"allow":["GET"]}}],"collection":[{"href":"https:\/\/prensapresidencialvenezuela.gob.ve\/index.php\/wp-json\/wp\/v2\/posts"}],"about":[{"href":"https:\/\/prensapresidencialvenezuela.gob.ve\/index.php\/wp-json\/wp\/v2\/types\/post"}],"author":[{"embeddable":true,"href":"https:\/\/prensapresidencialvenezuela.gob.ve\/index.php\/wp-json\/wp\/v2\/users\/1"}],"replies":[{"embeddable":true,"href":"https:\/\/prensapresidencialvenezuela.gob.ve\/index.php\/wp-json\/wp\/v2\/comments?post=14022"}],"version-history":[{"count":1,"href":"https:\/\/prensapresidencialvenezuela.gob.ve\/index.php\/wp-json\/wp\/v2\/posts\/14022\/revisions"}],"predecessor-version":[{"id":14024,"href":"https:\/\/prensapresidencialvenezuela.gob.ve\/index.php\/wp-json\/wp\/v2\/posts\/14022\/revisions\/14024"}],"wp:featuredmedia":[{"embeddable":true,"href":"https:\/\/prensapresidencialvenezuela.gob.ve\/index.php\/wp-json\/wp\/v2\/media\/14023"}],"wp:attachment":[{"href":"https:\/\/prensapresidencialvenezuela.gob.ve\/index.php\/wp-json\/wp\/v2\/media?parent=14022"}],"wp:term":[{"taxonomy":"category","embeddable":true,"href":"https:\/\/prensapresidencialvenezuela.gob.ve\/index.php\/wp-json\/wp\/v2\/categories?post=14022"},{"taxonomy":"post_tag","embeddable":true,"href":"https:\/\/prensapresidencialvenezuela.gob.ve\/index.php\/wp-json\/wp\/v2\/tags?post=14022"}],"curies":[{"name":"wp","href":"https:\/\/api.w.org\/{rel}","templated":true}]}}