{"id":1404,"date":"2022-03-08T14:28:00","date_gmt":"2022-03-08T14:28:00","guid":{"rendered":"http:\/\/172.27.0.121\/?p=1404"},"modified":"2022-06-08T14:31:38","modified_gmt":"2022-06-08T14:31:38","slug":"venezuela-reitera-su-disposicion-al-dialogo-con-eeuu","status":"publish","type":"post","link":"https:\/\/prensapresidencialvenezuela.gob.ve\/index.php\/2022\/03\/08\/venezuela-reitera-su-disposicion-al-dialogo-con-eeuu\/","title":{"rendered":"Venezuela reitera su disposici\u00f3n al di\u00e1logo con EEUU"},"content":{"rendered":"\n<p><strong>Palacio de Miraflores, Caracas.-<\/strong> El presidente de la Rep\u00fablica, Nicol\u00e1s Maduro, reiter\u00f3 disposici\u00f3n al di\u00e1logo con representantes del gobierno de Estados Unidos (EEUU), para avanzar en el fortalecimiento de la diplomacia bolivariana de paz.<\/p>\n\n\n\n<p>\u201cToda nuestra voluntad para, desde la diplomacia, desde el respeto y desde la m\u00e1xima esperanza de un mundo mejor, avanzar en una agenda que permita el bienestar y la paz de los pueblos de nuestro hemisferio, de nuestra regi\u00f3n, de Am\u00e9rica Latina y el Caribe\u201d, expres\u00f3 el Jefe de Estado venezolano tras informar que el pasado s\u00e1bado recibi\u00f3 en el Palacio de Miraflores a una delegaci\u00f3n del gobierno de los Estados Unidos de Norteam\u00e9rica.<\/p>\n\n\n\n<p>El Mandatario nacional detall\u00f3 que la reuni\u00f3n \u201crespetuosa, cordial y muy diplom\u00e1tica\u201d, sostenida en el Despacho Presidencial, cont\u00f3 con la presencia del presidente de la Asamblea Nacional, Jorge Rodr\u00edguez y la primera combatiente, Cilia Flores de Maduro.<\/p>\n\n\n\n<p>\u201cMe pareci\u00f3 muy importante poder conversar cara a cara temas de m\u00e1ximo inter\u00e9s de Venezuela y el mundo\u201d, destac\u00f3 el Dignatario e inform\u00f3 que \u201ccontinuar\u00e1n adelante las conversaciones, las coordinaciones y agenda positiva entre el gobierno de Estados Unidos y el Gobierno de la Rep\u00fablica Bolivariana de Venezuela\u201d.<\/p>\n\n\n\n<p>En este contexto, sostuvo que las informaciones difundidas a trav\u00e9s de las redes sociales y agencias internacionales de noticias son versiones falsas.<\/p>\n\n\n\n<p>\u201cNosotros nos apegamos a la verdad, a la buena voluntad, a la buena diplomacia y al buen sentido de realidad de alcanzar la paz en la regi\u00f3n y en el mundo\u201d, argument\u00f3 el Presidente.<\/p>\n\n\n\n<p>En este sentido, autoriz\u00f3 a Jorge Rodr\u00edguez, a dar detalles del encuentro con la delegaci\u00f3n norteamericana e insisti\u00f3 en el car\u00e1cter diplom\u00e1tico y pacifista de la Revoluci\u00f3n Bolivariana.<\/p>\n\n\n\n<p>\u201cEstamos activados a todo nivel con una diplomacia de paz, con una diplomacia propositiva. Es el tiempo de la diplomacia, es el tiempo de la palabra, es el tiempo de la verdad y es el tiempo para reconstruir la paz\u201d, enfatiz\u00f3.<\/p>\n\n\n\n<p><strong>Venezuela lista para aumentar producci\u00f3n petrolera<\/strong><\/p>\n\n\n\n<p>Durante la reuni\u00f3n con el Consejo de Vicepresidentes, el Estado Mayor de la Fuerza Armada Nacional Bolivariana (FANB) y el Alto Mando Pol\u00edtico, el presidente Maduro reiter\u00f3 que Venezuela est\u00e1 lista para aumentar su producci\u00f3n de hidrocarburos.<\/p>\n\n\n\n<p>\u201cVenezuela est\u00e1 preparada, una vez se repotencie PDVSA, para crecer uno, dos, tres millones de barriles si hiciera falta para la estabilidad del mundo\u201d, acot\u00f3.<\/p>\n\n\n\n<p><strong>Prensa Presidencial\/Karla Cotoret<\/strong><\/p>\n","protected":false},"excerpt":{"rendered":"<p>Palacio de Miraflores, Caracas.- El presidente de la Rep\u00fablica, Nicol\u00e1s Maduro, reiter\u00f3 disposici\u00f3n al di\u00e1logo con representantes del gobierno de Estados Unidos (EEUU), para avanzar en el fortalecimiento de la diplomacia bolivariana de paz. \u201cToda nuestra voluntad para, desde la diplomacia, desde el respeto y desde la m\u00e1xima esperanza de un mundo mejor, avanzar en [&hellip;]<\/p>\n","protected":false},"author":6,"featured_media":1405,"comment_status":"open","ping_status":"open","sticky":false,"template":"","format":"standard","meta":{"footnotes":""},"categories":[7],"tags":[],"class_list":["post-1404","post","type-post","status-publish","format-standard","has-post-thumbnail","hentry","category-notas-de-prensa"],"_links":{"self":[{"href":"https:\/\/prensapresidencialvenezuela.gob.ve\/index.php\/wp-json\/wp\/v2\/posts\/1404","targetHints":{"allow":["GET"]}}],"collection":[{"href":"https:\/\/prensapresidencialvenezuela.gob.ve\/index.php\/wp-json\/wp\/v2\/posts"}],"about":[{"href":"https:\/\/prensapresidencialvenezuela.gob.ve\/index.php\/wp-json\/wp\/v2\/types\/post"}],"author":[{"embeddable":true,"href":"https:\/\/prensapresidencialvenezuela.gob.ve\/index.php\/wp-json\/wp\/v2\/users\/6"}],"replies":[{"embeddable":true,"href":"https:\/\/prensapresidencialvenezuela.gob.ve\/index.php\/wp-json\/wp\/v2\/comments?post=1404"}],"version-history":[{"count":1,"href":"https:\/\/prensapresidencialvenezuela.gob.ve\/index.php\/wp-json\/wp\/v2\/posts\/1404\/revisions"}],"predecessor-version":[{"id":1406,"href":"https:\/\/prensapresidencialvenezuela.gob.ve\/index.php\/wp-json\/wp\/v2\/posts\/1404\/revisions\/1406"}],"wp:featuredmedia":[{"embeddable":true,"href":"https:\/\/prensapresidencialvenezuela.gob.ve\/index.php\/wp-json\/wp\/v2\/media\/1405"}],"wp:attachment":[{"href":"https:\/\/prensapresidencialvenezuela.gob.ve\/index.php\/wp-json\/wp\/v2\/media?parent=1404"}],"wp:term":[{"taxonomy":"category","embeddable":true,"href":"https:\/\/prensapresidencialvenezuela.gob.ve\/index.php\/wp-json\/wp\/v2\/categories?post=1404"},{"taxonomy":"post_tag","embeddable":true,"href":"https:\/\/prensapresidencialvenezuela.gob.ve\/index.php\/wp-json\/wp\/v2\/tags?post=1404"}],"curies":[{"name":"wp","href":"https:\/\/api.w.org\/{rel}","templated":true}]}}