{"id":14138,"date":"2024-10-21T14:49:05","date_gmt":"2024-10-21T18:49:05","guid":{"rendered":"https:\/\/prensapresidencialvenezuela.gob.ve\/?p=14138"},"modified":"2024-10-21T14:49:06","modified_gmt":"2024-10-21T18:49:06","slug":"jefe-de-estado-venezolano-felicita-al-presidente-electo-de-la-republica-socialista-de-vietnam","status":"publish","type":"post","link":"https:\/\/prensapresidencialvenezuela.gob.ve\/index.php\/2024\/10\/21\/jefe-de-estado-venezolano-felicita-al-presidente-electo-de-la-republica-socialista-de-vietnam\/","title":{"rendered":"Jefe de Estado venezolano felicita al presidente electo de la Rep\u00fablica Socialista de Vietnam\u00a0"},"content":{"rendered":"\n<p><strong>Palacio de Miraflores, Caracas.-<\/strong> El presidente de la Rep\u00fablica Bolivariana de Venezuela, Nicol\u00e1s Maduro, felicita al presidente de la Rep\u00fablica Socialista de Vietnam, Luong Cuong, miembro del Bur\u00f3 Pol\u00edtico y Permanente del Secretariado del Comit\u00e9 Central del Partido Comunista (PCV).<\/p>\n\n\n\n<p>\u00abEn nombre de la Rep\u00fablica Bolivariana de Venezuela, hago extensivo mi saludo y felicito al camarada Luong Cuong, miembro del Bur\u00f3 Pol\u00edtico del Comit\u00e9 Central del Partido Comunista de Vietnam, electo como presidente de la Rep\u00fablica Socialista de Vietnam\u00bb, destac\u00f3 el Jefe de Estado.<\/p>\n\n\n\n<p>En este sentido, el Mandatario Nacional indic\u00f3 que seguir\u00e1n fortaleciendo la cooperaci\u00f3n internacional entre ambas naciones: \u00abEn el marco del legado del l\u00edder hist\u00f3rico Ho Chi Minh, seguiremos trabajando en el fortalecimiento del intercambio entre ambas naciones\u00bb.&nbsp;<\/p>\n\n\n\n<p>En contexto, la Rep\u00fablica Bolivariana de Venezuela y la Rep\u00fablica Socialista de Vietnam, mantienen una relaci\u00f3n de amistad y solidaridad desde hace m\u00e1s de 34 a\u00f1os de forma oficial.<\/p>\n\n\n\n<p>Desde la llegada de la Revoluci\u00f3n Bolivariana, el comandante Huego Ch\u00e1vez abri\u00f3 el camino para las sendas del entendimiento, cooperaci\u00f3n bilateral, en el marco de la Diplomacia Bolivariana, la cual ha sido impulsada por el presidente Nicol\u00e1s Maduro, para seguir fijando una agenda de trabajo que enmarque varias \u00e1reas en beneficio de ambos pueblos.<\/p>\n\n\n\n<p><strong>Prensa presidencial \/ Geraldine Quintero<\/strong><\/p>\n\n\n\n<p><\/p>\n","protected":false},"excerpt":{"rendered":"<p>Palacio de Miraflores, Caracas.- El presidente de la Rep\u00fablica Bolivariana de Venezuela, Nicol\u00e1s Maduro, felicita al presidente de la Rep\u00fablica Socialista de Vietnam, Luong Cuong, miembro del Bur\u00f3 Pol\u00edtico y Permanente del Secretariado del Comit\u00e9 Central del Partido Comunista (PCV). \u00abEn nombre de la Rep\u00fablica Bolivariana de Venezuela, hago extensivo mi saludo y felicito al [&hellip;]<\/p>\n","protected":false},"author":1,"featured_media":14139,"comment_status":"open","ping_status":"open","sticky":false,"template":"","format":"standard","meta":{"footnotes":""},"categories":[18,7],"tags":[30,38,19,27,20,108],"class_list":["post-14138","post","type-post","status-publish","format-standard","has-post-thumbnail","hentry","category-noticias-principales","category-notas-de-prensa","tag-destacado","tag-diplomacia-bolivariana-de-paz","tag-nicolas-maduro","tag-revolucion-bolivariana","tag-venezuela","tag-vietnam"],"_links":{"self":[{"href":"https:\/\/prensapresidencialvenezuela.gob.ve\/index.php\/wp-json\/wp\/v2\/posts\/14138","targetHints":{"allow":["GET"]}}],"collection":[{"href":"https:\/\/prensapresidencialvenezuela.gob.ve\/index.php\/wp-json\/wp\/v2\/posts"}],"about":[{"href":"https:\/\/prensapresidencialvenezuela.gob.ve\/index.php\/wp-json\/wp\/v2\/types\/post"}],"author":[{"embeddable":true,"href":"https:\/\/prensapresidencialvenezuela.gob.ve\/index.php\/wp-json\/wp\/v2\/users\/1"}],"replies":[{"embeddable":true,"href":"https:\/\/prensapresidencialvenezuela.gob.ve\/index.php\/wp-json\/wp\/v2\/comments?post=14138"}],"version-history":[{"count":1,"href":"https:\/\/prensapresidencialvenezuela.gob.ve\/index.php\/wp-json\/wp\/v2\/posts\/14138\/revisions"}],"predecessor-version":[{"id":14140,"href":"https:\/\/prensapresidencialvenezuela.gob.ve\/index.php\/wp-json\/wp\/v2\/posts\/14138\/revisions\/14140"}],"wp:featuredmedia":[{"embeddable":true,"href":"https:\/\/prensapresidencialvenezuela.gob.ve\/index.php\/wp-json\/wp\/v2\/media\/14139"}],"wp:attachment":[{"href":"https:\/\/prensapresidencialvenezuela.gob.ve\/index.php\/wp-json\/wp\/v2\/media?parent=14138"}],"wp:term":[{"taxonomy":"category","embeddable":true,"href":"https:\/\/prensapresidencialvenezuela.gob.ve\/index.php\/wp-json\/wp\/v2\/categories?post=14138"},{"taxonomy":"post_tag","embeddable":true,"href":"https:\/\/prensapresidencialvenezuela.gob.ve\/index.php\/wp-json\/wp\/v2\/tags?post=14138"}],"curies":[{"name":"wp","href":"https:\/\/api.w.org\/{rel}","templated":true}]}}