{"id":14144,"date":"2024-10-21T20:07:17","date_gmt":"2024-10-22T00:07:17","guid":{"rendered":"https:\/\/prensapresidencialvenezuela.gob.ve\/?p=14144"},"modified":"2024-10-21T20:07:18","modified_gmt":"2024-10-22T00:07:18","slug":"democracia-popular-y-directa-conviccion-mas-profunda-del-comandante-hugo-chavez","status":"publish","type":"post","link":"https:\/\/prensapresidencialvenezuela.gob.ve\/index.php\/2024\/10\/21\/democracia-popular-y-directa-conviccion-mas-profunda-del-comandante-hugo-chavez\/","title":{"rendered":"Democracia popular y directa, convicci\u00f3n m\u00e1s profunda del Comandante Hugo Ch\u00e1vez"},"content":{"rendered":"\n<p><strong>La Carlota, estado Miranda.-<\/strong> El presidente de la Rep\u00fablica Bolivariana de Venezuela, Nicol\u00e1s Maduro Moros, subray\u00f3 que el Comandante Hugo Ch\u00e1vez dej\u00f3 establecido que la democracia Bolivariana, popular y directa era su sue\u00f1o y convicci\u00f3n m\u00e1s profunda, haciendo referencia al 20 de octubre de 2012 cuando anunci\u00f3 el \u00abGolpe de Tim\u00f3n\u00bb.<\/p>\n\n\n\n<p>Asimismo, resalt\u00f3 que el comandante Hugo Ch\u00e1vez fue el primero que convers\u00f3 de manera abierta sobre la democracia Bolivariana, popular y directa, motivo por el cual destac\u00f3 que \u00abel Comandante fue el \u00fanico revolucionario y te\u00f3rico que habl\u00f3 con claridad a finales de los 80 y a principios de los 90\u00bb.<\/p>\n\n\n\n<p>El Mandatario a\u00f1adi\u00f3 que el pueblo venezolano tiene que tener muy en claro que el comandante Hugo Ch\u00e1vez era un intelectual, era pueblo, porque durante su carrera como militar se form\u00f3 intelectualmente.<\/p>\n\n\n\n<p>Aunado a ello, asever\u00f3: \u00abEl Comandante era un te\u00f3rico, pero sobre todo un gran hombre de acci\u00f3n. Siempre nos insist\u00eda, entre equilibrio perfecto, entre la teor\u00eda, el estudio de las estrategias, los planes y la acci\u00f3n transformadora, la acci\u00f3n constructiva\u00bb.<\/p>\n\n\n\n<p><strong>Prensa Presidencial \/ Irmary D\u00edaz<\/strong><\/p>\n","protected":false},"excerpt":{"rendered":"<p>La Carlota, estado Miranda.- El presidente de la Rep\u00fablica Bolivariana de Venezuela, Nicol\u00e1s Maduro Moros, subray\u00f3 que el Comandante Hugo Ch\u00e1vez dej\u00f3 establecido que la democracia Bolivariana, popular y directa era su sue\u00f1o y convicci\u00f3n m\u00e1s profunda, haciendo referencia al 20 de octubre de 2012 cuando anunci\u00f3 el \u00abGolpe de Tim\u00f3n\u00bb. Asimismo, resalt\u00f3 que el [&hellip;]<\/p>\n","protected":false},"author":1,"featured_media":14146,"comment_status":"open","ping_status":"open","sticky":false,"template":"","format":"standard","meta":{"footnotes":""},"categories":[18,7],"tags":[994,30,38,19,27,20],"class_list":["post-14144","post","type-post","status-publish","format-standard","has-post-thumbnail","hentry","category-noticias-principales","category-notas-de-prensa","tag-comandante-hugo-chavez","tag-destacado","tag-diplomacia-bolivariana-de-paz","tag-nicolas-maduro","tag-revolucion-bolivariana","tag-venezuela"],"_links":{"self":[{"href":"https:\/\/prensapresidencialvenezuela.gob.ve\/index.php\/wp-json\/wp\/v2\/posts\/14144","targetHints":{"allow":["GET"]}}],"collection":[{"href":"https:\/\/prensapresidencialvenezuela.gob.ve\/index.php\/wp-json\/wp\/v2\/posts"}],"about":[{"href":"https:\/\/prensapresidencialvenezuela.gob.ve\/index.php\/wp-json\/wp\/v2\/types\/post"}],"author":[{"embeddable":true,"href":"https:\/\/prensapresidencialvenezuela.gob.ve\/index.php\/wp-json\/wp\/v2\/users\/1"}],"replies":[{"embeddable":true,"href":"https:\/\/prensapresidencialvenezuela.gob.ve\/index.php\/wp-json\/wp\/v2\/comments?post=14144"}],"version-history":[{"count":1,"href":"https:\/\/prensapresidencialvenezuela.gob.ve\/index.php\/wp-json\/wp\/v2\/posts\/14144\/revisions"}],"predecessor-version":[{"id":14147,"href":"https:\/\/prensapresidencialvenezuela.gob.ve\/index.php\/wp-json\/wp\/v2\/posts\/14144\/revisions\/14147"}],"wp:featuredmedia":[{"embeddable":true,"href":"https:\/\/prensapresidencialvenezuela.gob.ve\/index.php\/wp-json\/wp\/v2\/media\/14146"}],"wp:attachment":[{"href":"https:\/\/prensapresidencialvenezuela.gob.ve\/index.php\/wp-json\/wp\/v2\/media?parent=14144"}],"wp:term":[{"taxonomy":"category","embeddable":true,"href":"https:\/\/prensapresidencialvenezuela.gob.ve\/index.php\/wp-json\/wp\/v2\/categories?post=14144"},{"taxonomy":"post_tag","embeddable":true,"href":"https:\/\/prensapresidencialvenezuela.gob.ve\/index.php\/wp-json\/wp\/v2\/tags?post=14144"}],"curies":[{"name":"wp","href":"https:\/\/api.w.org\/{rel}","templated":true}]}}