{"id":14149,"date":"2024-10-21T20:22:20","date_gmt":"2024-10-22T00:22:20","guid":{"rendered":"https:\/\/prensapresidencialvenezuela.gob.ve\/?p=14149"},"modified":"2024-10-21T20:25:18","modified_gmt":"2024-10-22T00:25:18","slug":"venezuela-vencera-la-guerra-electrica-con-inteligencia-popular","status":"publish","type":"post","link":"https:\/\/prensapresidencialvenezuela.gob.ve\/index.php\/2024\/10\/21\/venezuela-vencera-la-guerra-electrica-con-inteligencia-popular\/","title":{"rendered":"Venezuela vencer\u00e1 la guerra el\u00e9ctrica con inteligencia popular"},"content":{"rendered":"\n<p><strong>La Carlota, estado Miranda.-<\/strong> Al destacar la inmediata actuaci\u00f3n del Gobierno Bolivariano para restituir el servicio el\u00e9ctrico interrumpido en Altos de L\u00eddice, ubicada en la parroquia La Pastora, por una maniobra de sabotaje, el presidente de la Rep\u00fablica, Nicol\u00e1s Maduro, asever\u00f3 que \u00abesa guerra tambi\u00e9n se la vamos a ganar -al fascismo- con inteligencia popular\u00bb.<\/p>\n\n\n\n<p>\u00abSabotearon las tanquillas. Tenemos grabada a la gente que sabote\u00f3 las tanquillas y le quit\u00f3 la luz desde las 8 de la noche hasta las 2:00 de la ma\u00f1ana\u00bb, puntualiz\u00f3 al describir el hecho que fue registrado en v\u00eddeo por vecinos de la zona.<\/p>\n\n\n\n<p>Durante el programa Con Maduro+, transmitido a trav\u00e9s de Venezolana de Televisi\u00f3n (VTV), precis\u00f3 que en el audiovisual se observa c\u00f3mo los criminales \u00ababren la tanquilla y un tipo est\u00e1 parado, sin saber que lo estaban grabando, luego se agach\u00f3, cort\u00f3 todo y a la misma hora estaban cortando y saboteando otros elementos\u00bb.<\/p>\n\n\n\n<p>El Jefe de Estado, quien calific\u00f3 este hecho como una expresi\u00f3n de \u00abla guerra el\u00e9ctrica directa\u00bb, inform\u00f3 que los involucrados est\u00e1n a las \u00f3rdenes de la justicia venezolana.<\/p>\n\n\n\n<p>\u00abAh\u00ed est\u00e1n ya esos van a hablar (\u2026) \u00bfQui\u00e9n los paga? \u00bfQui\u00e9n los manda? \u00bfPor qu\u00e9 le sabotean la luz al pueblo humilde? \u00bfPor qu\u00e9 la guerra el\u00e9ctrica? \u00bfAh? Es el fascismo\u00bb, cuestion\u00f3, al tiempo que subray\u00f3 \u00able quitaron la luz -al pueblo- y se la repusimos de inmediato\u00bb.<\/p>\n\n\n\n<p><strong>Prensa Presidencial \/ Eduardo Hueck<\/strong><\/p>\n","protected":false},"excerpt":{"rendered":"<p>La Carlota, estado Miranda.- Al destacar la inmediata actuaci\u00f3n del Gobierno Bolivariano para restituir el servicio el\u00e9ctrico interrumpido en Altos de L\u00eddice, ubicada en la parroquia La Pastora, por una maniobra de sabotaje, el presidente de la Rep\u00fablica, Nicol\u00e1s Maduro, asever\u00f3 que \u00abesa guerra tambi\u00e9n se la vamos a ganar -al fascismo- con inteligencia popular\u00bb. [&hellip;]<\/p>\n","protected":false},"author":1,"featured_media":14150,"comment_status":"open","ping_status":"open","sticky":false,"template":"","format":"standard","meta":{"footnotes":""},"categories":[18,7],"tags":[995,19,20],"class_list":["post-14149","post","type-post","status-publish","format-standard","has-post-thumbnail","hentry","category-noticias-principales","category-notas-de-prensa","tag-electricidad","tag-nicolas-maduro","tag-venezuela"],"_links":{"self":[{"href":"https:\/\/prensapresidencialvenezuela.gob.ve\/index.php\/wp-json\/wp\/v2\/posts\/14149","targetHints":{"allow":["GET"]}}],"collection":[{"href":"https:\/\/prensapresidencialvenezuela.gob.ve\/index.php\/wp-json\/wp\/v2\/posts"}],"about":[{"href":"https:\/\/prensapresidencialvenezuela.gob.ve\/index.php\/wp-json\/wp\/v2\/types\/post"}],"author":[{"embeddable":true,"href":"https:\/\/prensapresidencialvenezuela.gob.ve\/index.php\/wp-json\/wp\/v2\/users\/1"}],"replies":[{"embeddable":true,"href":"https:\/\/prensapresidencialvenezuela.gob.ve\/index.php\/wp-json\/wp\/v2\/comments?post=14149"}],"version-history":[{"count":2,"href":"https:\/\/prensapresidencialvenezuela.gob.ve\/index.php\/wp-json\/wp\/v2\/posts\/14149\/revisions"}],"predecessor-version":[{"id":14152,"href":"https:\/\/prensapresidencialvenezuela.gob.ve\/index.php\/wp-json\/wp\/v2\/posts\/14149\/revisions\/14152"}],"wp:featuredmedia":[{"embeddable":true,"href":"https:\/\/prensapresidencialvenezuela.gob.ve\/index.php\/wp-json\/wp\/v2\/media\/14150"}],"wp:attachment":[{"href":"https:\/\/prensapresidencialvenezuela.gob.ve\/index.php\/wp-json\/wp\/v2\/media?parent=14149"}],"wp:term":[{"taxonomy":"category","embeddable":true,"href":"https:\/\/prensapresidencialvenezuela.gob.ve\/index.php\/wp-json\/wp\/v2\/categories?post=14149"},{"taxonomy":"post_tag","embeddable":true,"href":"https:\/\/prensapresidencialvenezuela.gob.ve\/index.php\/wp-json\/wp\/v2\/tags?post=14149"}],"curies":[{"name":"wp","href":"https:\/\/api.w.org\/{rel}","templated":true}]}}