{"id":14161,"date":"2024-10-21T21:11:09","date_gmt":"2024-10-22T01:11:09","guid":{"rendered":"https:\/\/prensapresidencialvenezuela.gob.ve\/?p=14161"},"modified":"2024-10-21T21:13:24","modified_gmt":"2024-10-22T01:13:24","slug":"circuitos-comunales-fortaleceran-comunicacion-a-traves-del-ven-911","status":"publish","type":"post","link":"https:\/\/prensapresidencialvenezuela.gob.ve\/index.php\/2024\/10\/21\/circuitos-comunales-fortaleceran-comunicacion-a-traves-del-ven-911\/","title":{"rendered":"Circuitos comunales fortalecer\u00e1n comunicaci\u00f3n a trav\u00e9s del VEN 911"},"content":{"rendered":"\n<p><strong>La Carlota, estado Miranda.-<\/strong> En aras de perfeccionar los m\u00e9todos de comunicaci\u00f3n a escala comunitaria, se realizan ajustes para adaptar el VEN 911 a las necesidades de los circuitos comunales.<\/p>\n\n\n\n<p>El anuncio lo realiz\u00f3 el vicepresidente de Pol\u00edtica, Seguridad Ciudadana y Paz, Diosdado Cabello, detall\u00f3 que la acci\u00f3n apunta a mejorar la coordinaci\u00f3n y la respuesta ante situaciones de emergencia que se susciten en las comunidades.<\/p>\n\n\n\n<p>Al respecto, puntualiz\u00f3 que cada circuito comunal contar\u00e1 con equipos celulares, lo que permitir\u00e1 que los 6 mil circuitos comunales establezcan una nueva v\u00eda de comunicaci\u00f3n con los organismos de seguridad que operan en cada \u00e1rea.<\/p>\n\n\n\n<p>Previamente, el tambi\u00e9n ministro de Relaciones Interiores, Justicia y Paz recalc\u00f3 que el servicio VEN 911 debe ser accesible para las comunas, siendo una herramienta no solo destinada a la recepci\u00f3n de informaci\u00f3n, sino tambi\u00e9n un mecanismo para contribuir con datos las 24 horas del d\u00eda.<\/p>\n\n\n\n<p>El VEN 911 permite a los venezolanos reportar cualquier novedad en tiempo real, convirti\u00e9ndose en un canal vital para la comunicaci\u00f3n comunitaria en materia de seguridad ciudadana.<\/p>\n\n\n\n<p>Precisamente, su adaptaci\u00f3n a los circuitos comunales promover\u00e1 una colaboraci\u00f3n m\u00e1s efectiva entre el pueblo y las instituciones.<\/p>\n\n\n\n<p><strong>Prensa Presidencial<\/strong><\/p>\n","protected":false},"excerpt":{"rendered":"<p>La Carlota, estado Miranda.- En aras de perfeccionar los m\u00e9todos de comunicaci\u00f3n a escala comunitaria, se realizan ajustes para adaptar el VEN 911 a las necesidades de los circuitos comunales. El anuncio lo realiz\u00f3 el vicepresidente de Pol\u00edtica, Seguridad Ciudadana y Paz, Diosdado Cabello, detall\u00f3 que la acci\u00f3n apunta a mejorar la coordinaci\u00f3n y la [&hellip;]<\/p>\n","protected":false},"author":1,"featured_media":14162,"comment_status":"open","ping_status":"open","sticky":false,"template":"","format":"standard","meta":{"footnotes":""},"categories":[18,7],"tags":[30,19,27,20],"class_list":["post-14161","post","type-post","status-publish","format-standard","has-post-thumbnail","hentry","category-noticias-principales","category-notas-de-prensa","tag-destacado","tag-nicolas-maduro","tag-revolucion-bolivariana","tag-venezuela"],"_links":{"self":[{"href":"https:\/\/prensapresidencialvenezuela.gob.ve\/index.php\/wp-json\/wp\/v2\/posts\/14161","targetHints":{"allow":["GET"]}}],"collection":[{"href":"https:\/\/prensapresidencialvenezuela.gob.ve\/index.php\/wp-json\/wp\/v2\/posts"}],"about":[{"href":"https:\/\/prensapresidencialvenezuela.gob.ve\/index.php\/wp-json\/wp\/v2\/types\/post"}],"author":[{"embeddable":true,"href":"https:\/\/prensapresidencialvenezuela.gob.ve\/index.php\/wp-json\/wp\/v2\/users\/1"}],"replies":[{"embeddable":true,"href":"https:\/\/prensapresidencialvenezuela.gob.ve\/index.php\/wp-json\/wp\/v2\/comments?post=14161"}],"version-history":[{"count":2,"href":"https:\/\/prensapresidencialvenezuela.gob.ve\/index.php\/wp-json\/wp\/v2\/posts\/14161\/revisions"}],"predecessor-version":[{"id":14164,"href":"https:\/\/prensapresidencialvenezuela.gob.ve\/index.php\/wp-json\/wp\/v2\/posts\/14161\/revisions\/14164"}],"wp:featuredmedia":[{"embeddable":true,"href":"https:\/\/prensapresidencialvenezuela.gob.ve\/index.php\/wp-json\/wp\/v2\/media\/14162"}],"wp:attachment":[{"href":"https:\/\/prensapresidencialvenezuela.gob.ve\/index.php\/wp-json\/wp\/v2\/media?parent=14161"}],"wp:term":[{"taxonomy":"category","embeddable":true,"href":"https:\/\/prensapresidencialvenezuela.gob.ve\/index.php\/wp-json\/wp\/v2\/categories?post=14161"},{"taxonomy":"post_tag","embeddable":true,"href":"https:\/\/prensapresidencialvenezuela.gob.ve\/index.php\/wp-json\/wp\/v2\/tags?post=14161"}],"curies":[{"name":"wp","href":"https:\/\/api.w.org\/{rel}","templated":true}]}}