{"id":14165,"date":"2024-10-21T21:20:49","date_gmt":"2024-10-22T01:20:49","guid":{"rendered":"https:\/\/prensapresidencialvenezuela.gob.ve\/?p=14165"},"modified":"2025-12-26T16:12:48","modified_gmt":"2025-12-26T20:12:48","slug":"presidente-revalida-compromiso-de-consolidar-el-estado-comunal","status":"publish","type":"post","link":"https:\/\/prensapresidencialvenezuela.gob.ve\/index.php\/2024\/10\/21\/presidente-revalida-compromiso-de-consolidar-el-estado-comunal\/","title":{"rendered":"Presidente revalida compromiso de consolidar el Estado comunal"},"content":{"rendered":"\n<p><strong>La Carlota, estado Miranda.-<\/strong> El presidente de la Rep\u00fablica Bolivariana de Venezuela, Nicol\u00e1s Maduro, recalc\u00f3 su firme compromiso de avanzar hacia la consolidaci\u00f3n del Estado comunal.<\/p>\n\n\n\n<p>Durante el programa Con Maduro +, destac\u00f3 que \u00abtodos los planes deben estar en funci\u00f3n del territorio\u00bb para lograr un desarrollo integral y sostenible de las comunidades.<\/p>\n\n\n\n<p>En este sentido, resalt\u00f3 la importancia de fortalecer todas las estructuras del Estado e inst\u00f3 a seguir el camino del Socialismo Territorial.<\/p>\n\n\n\n<p>El Jefe de Estado alert\u00f3 que \u00absi no se avanza en esta direcci\u00f3n, el pa\u00eds podr\u00eda enfrentar un retroceso hacia reg\u00edmenes fascistas\u00bb.<\/p>\n\n\n\n<p>Exhort\u00f3 a la acci\u00f3n, raz\u00f3n por la cual orient\u00f3 especialmente a atender las necesidades espec\u00edficas de cada comunidad para construir un futuro m\u00e1s inclusivo y justo, donde el bienestar de la poblaci\u00f3n sea la prioridad.<\/p>\n\n\n\n<p><strong>Prensa Presidencial<\/strong><\/p>\n","protected":false},"excerpt":{"rendered":"<p>La Carlota, estado Miranda.- El presidente de la Rep\u00fablica Bolivariana de Venezuela, Nicol\u00e1s Maduro, recalc\u00f3 su firme compromiso de avanzar hacia la consolidaci\u00f3n del Estado comunal. Durante el programa Con Maduro +, destac\u00f3 que \u00abtodos los planes deben estar en funci\u00f3n del territorio\u00bb para lograr un desarrollo integral y sostenible de las comunidades. En este [&hellip;]<\/p>\n","protected":false},"author":1,"featured_media":14166,"comment_status":"open","ping_status":"open","sticky":false,"template":"","format":"standard","meta":{"footnotes":""},"categories":[18,7],"tags":[30,19,27,20],"class_list":["post-14165","post","type-post","status-publish","format-standard","has-post-thumbnail","hentry","category-noticias-principales","category-notas-de-prensa","tag-destacado","tag-nicolas-maduro","tag-revolucion-bolivariana","tag-venezuela"],"_links":{"self":[{"href":"https:\/\/prensapresidencialvenezuela.gob.ve\/index.php\/wp-json\/wp\/v2\/posts\/14165","targetHints":{"allow":["GET"]}}],"collection":[{"href":"https:\/\/prensapresidencialvenezuela.gob.ve\/index.php\/wp-json\/wp\/v2\/posts"}],"about":[{"href":"https:\/\/prensapresidencialvenezuela.gob.ve\/index.php\/wp-json\/wp\/v2\/types\/post"}],"author":[{"embeddable":true,"href":"https:\/\/prensapresidencialvenezuela.gob.ve\/index.php\/wp-json\/wp\/v2\/users\/1"}],"replies":[{"embeddable":true,"href":"https:\/\/prensapresidencialvenezuela.gob.ve\/index.php\/wp-json\/wp\/v2\/comments?post=14165"}],"version-history":[{"count":2,"href":"https:\/\/prensapresidencialvenezuela.gob.ve\/index.php\/wp-json\/wp\/v2\/posts\/14165\/revisions"}],"predecessor-version":[{"id":35291,"href":"https:\/\/prensapresidencialvenezuela.gob.ve\/index.php\/wp-json\/wp\/v2\/posts\/14165\/revisions\/35291"}],"wp:featuredmedia":[{"embeddable":true,"href":"https:\/\/prensapresidencialvenezuela.gob.ve\/index.php\/wp-json\/wp\/v2\/media\/14166"}],"wp:attachment":[{"href":"https:\/\/prensapresidencialvenezuela.gob.ve\/index.php\/wp-json\/wp\/v2\/media?parent=14165"}],"wp:term":[{"taxonomy":"category","embeddable":true,"href":"https:\/\/prensapresidencialvenezuela.gob.ve\/index.php\/wp-json\/wp\/v2\/categories?post=14165"},{"taxonomy":"post_tag","embeddable":true,"href":"https:\/\/prensapresidencialvenezuela.gob.ve\/index.php\/wp-json\/wp\/v2\/tags?post=14165"}],"curies":[{"name":"wp","href":"https:\/\/api.w.org\/{rel}","templated":true}]}}