{"id":14193,"date":"2024-10-22T15:53:56","date_gmt":"2024-10-22T19:53:56","guid":{"rendered":"https:\/\/prensapresidencialvenezuela.gob.ve\/?p=14193"},"modified":"2024-10-23T08:25:43","modified_gmt":"2024-10-23T12:25:43","slug":"presidente-nicolas-maduro-llego-a-kazan-para-participar-en-la-cumbre-de-los-brics","status":"publish","type":"post","link":"https:\/\/prensapresidencialvenezuela.gob.ve\/index.php\/2024\/10\/22\/presidente-nicolas-maduro-llego-a-kazan-para-participar-en-la-cumbre-de-los-brics\/","title":{"rendered":"Presidente Nicol\u00e1s Maduro lleg\u00f3 a Kaz\u00e1n para participar en la Cumbre de los BRICS"},"content":{"rendered":"\n<p><strong>Kaz\u00e1n, Federaci\u00f3n de Rusia.-<\/strong> El presidente de la Rep\u00fablica Bolivariana de Venezuela, Nicol\u00e1s Maduro, lleg\u00f3 a Kaz\u00e1n para participar en la Cumbre de los BRICS. Una cita internacional que tendr\u00e1 lugar del 22 al 24 de octubre, en esta ciudad del suroeste de Rusia, a orillas de los r\u00edos Volga y Kazanka.<\/p>\n\n\n\n<p>En este encuentro de los BRICS se configura un nuevo mundo de legalidad y un nuevo orden econ\u00f3mico internacional, adem\u00e1s Venezuela forja sus bases diplom\u00e1ticas y geopol\u00edticas en el antihegemonismo y en la igualdad soberana de las naciones.<\/p>\n\n\n\n<p>El mandatario ruso, Vladimir Putin, ser\u00e1 el anfitri\u00f3n de la Cumbre del bloque econ\u00f3mico, a la que se espera asistan representantes de m\u00e1s de 30 pa\u00edses de Asia, Am\u00e9rica Latina, \u00c1frica y Oriente Medio.<\/p>\n\n\n\n<p>Las naciones que integran los BRICS son Brasil, Rusia, India, China, Sud\u00e1frica, Ir\u00e1n, Arabia Saudita, Emiratos \u00c1rabes Unidos, Egipto y Etiopia, contexto en el que m\u00e1s de 40 pa\u00edses han expresado su inter\u00e9s de incorporarse.<\/p>\n\n\n\n<p>Para la cita, se contempla la presencia de influyentes asociaciones de integraci\u00f3n regional en \u00c1frica, Am\u00e9rica Latina, Medio Oriente y el Sudeste Asi\u00e1tico.<\/p>\n\n\n\n<p>Asimismo, la asistencia de los secretarios generales de la ONU, Antonio Guterres; la Organizaci\u00f3n de Cooperaci\u00f3n de Shangh\u00e1i, la Comisi\u00f3n Econ\u00f3mica Euroasi\u00e1tica y otras agrupaciones regionales.<\/p>\n\n\n\n<p>La magnitud de la representaci\u00f3n geogr\u00e1fica de alto nivel en la Cumbre de Kaz\u00e1n muestra el papel de los BRICS en el mundo actual y el inter\u00e9s de los pa\u00edses en sumarse al grupo.<\/p>\n\n\n\n<p>El presidente ruso destac\u00f3 recientemente que la contribuci\u00f3n a la econom\u00eda mundial del grupo BRICS ya ha superado a la del G7 y contin\u00faa creciendo.<\/p>\n\n\n\n<p>En el aeropuerto internacional de Kaz\u00e1n, este martes, el mandatario venezolano, Nicol\u00e1s Maduro, fue recibido por Alex\u00e9i Val\u00e9rievich Pesoshin, Primer Ministro de la Rep\u00fablica de Tartarist\u00e1n; Denis Gennadievich Kalinkin, Primer jefe Adjunto de la ciudad de Kaz\u00e1n; Jaudat Yusupovich Akhmetkhanov, jefe de la Inspecci\u00f3n estatal de la rep\u00fablica de Tartarist\u00e1n para el control de la producci\u00f3n.<\/p>\n\n\n\n<p>Por la parte venezolana, estuvieron presentes en el aeropuerto, a la llegada del jefe de Estado venezolano, la Vicepresidenta Ejecutiva de la Rep\u00fablica y ministra del Poder Popular para el Petr\u00f3leo, Delcy Rodr\u00edguez; y el vicepresidente Sectorial de Comunicaci\u00f3n, Cultura y Turismo, Freddy \u00d1\u00e1\u00f1ez; Ministro de Relaciones Exteriores de Venezuela, Iv\u00e1n Gil; el embajador de Venezuela en Rusia, Jes\u00fas Salazar.<\/p>\n\n\n\n<p>Asimismo, se encuentran la viceministra para Asia, Medio Oriente y Ocean\u00eda, Tatiana Pug; la viceministra para Europa, Coromoto Godoy; el viceministro para \u00c1frica, Yuri Pimentel; el viceministro para Am\u00e9rica Latina, Rander Pe\u00f1a.<\/p>\n\n\n\n<p><strong>Prensa Presidencial \/ Ana\u00eds P\u00e9rez<\/strong><\/p>\n","protected":false},"excerpt":{"rendered":"<p>Kaz\u00e1n, Federaci\u00f3n de Rusia.- El presidente de la Rep\u00fablica Bolivariana de Venezuela, Nicol\u00e1s Maduro, lleg\u00f3 a Kaz\u00e1n para participar en la Cumbre de los BRICS. Una cita internacional que tendr\u00e1 lugar del 22 al 24 de octubre, en esta ciudad del suroeste de Rusia, a orillas de los r\u00edos Volga y Kazanka. En este encuentro [&hellip;]<\/p>\n","protected":false},"author":1,"featured_media":14195,"comment_status":"open","ping_status":"open","sticky":false,"template":"","format":"standard","meta":{"footnotes":""},"categories":[18,7],"tags":[125,30,38,21,19,27,20],"class_list":["post-14193","post","type-post","status-publish","format-standard","has-post-thumbnail","hentry","category-noticias-principales","category-notas-de-prensa","tag-brics","tag-destacado","tag-diplomacia-bolivariana-de-paz","tag-economia-venezolana","tag-nicolas-maduro","tag-revolucion-bolivariana","tag-venezuela"],"_links":{"self":[{"href":"https:\/\/prensapresidencialvenezuela.gob.ve\/index.php\/wp-json\/wp\/v2\/posts\/14193","targetHints":{"allow":["GET"]}}],"collection":[{"href":"https:\/\/prensapresidencialvenezuela.gob.ve\/index.php\/wp-json\/wp\/v2\/posts"}],"about":[{"href":"https:\/\/prensapresidencialvenezuela.gob.ve\/index.php\/wp-json\/wp\/v2\/types\/post"}],"author":[{"embeddable":true,"href":"https:\/\/prensapresidencialvenezuela.gob.ve\/index.php\/wp-json\/wp\/v2\/users\/1"}],"replies":[{"embeddable":true,"href":"https:\/\/prensapresidencialvenezuela.gob.ve\/index.php\/wp-json\/wp\/v2\/comments?post=14193"}],"version-history":[{"count":2,"href":"https:\/\/prensapresidencialvenezuela.gob.ve\/index.php\/wp-json\/wp\/v2\/posts\/14193\/revisions"}],"predecessor-version":[{"id":14226,"href":"https:\/\/prensapresidencialvenezuela.gob.ve\/index.php\/wp-json\/wp\/v2\/posts\/14193\/revisions\/14226"}],"wp:featuredmedia":[{"embeddable":true,"href":"https:\/\/prensapresidencialvenezuela.gob.ve\/index.php\/wp-json\/wp\/v2\/media\/14195"}],"wp:attachment":[{"href":"https:\/\/prensapresidencialvenezuela.gob.ve\/index.php\/wp-json\/wp\/v2\/media?parent=14193"}],"wp:term":[{"taxonomy":"category","embeddable":true,"href":"https:\/\/prensapresidencialvenezuela.gob.ve\/index.php\/wp-json\/wp\/v2\/categories?post=14193"},{"taxonomy":"post_tag","embeddable":true,"href":"https:\/\/prensapresidencialvenezuela.gob.ve\/index.php\/wp-json\/wp\/v2\/tags?post=14193"}],"curies":[{"name":"wp","href":"https:\/\/api.w.org\/{rel}","templated":true}]}}