{"id":14224,"date":"2024-10-23T09:17:50","date_gmt":"2024-10-23T13:17:50","guid":{"rendered":"https:\/\/prensapresidencialvenezuela.gob.ve\/?p=14224"},"modified":"2024-10-23T09:36:22","modified_gmt":"2024-10-23T13:36:22","slug":"presidente-maduro-se-reune-con-primer-ministro-de-etiopia-abiy-ahmed-ali","status":"publish","type":"post","link":"https:\/\/prensapresidencialvenezuela.gob.ve\/index.php\/2024\/10\/23\/presidente-maduro-se-reune-con-primer-ministro-de-etiopia-abiy-ahmed-ali\/","title":{"rendered":"Presidente Maduro se re\u00fane con primer ministro de Etiop\u00eda, Abiy Ahmed Ali"},"content":{"rendered":"\n<p><strong>Kaz\u00e1n, Federaci\u00f3n de Rusia.<\/strong> &#8211; El presidente de la Rep\u00fablica Bolivariana de Venezuela, Nicol\u00e1s Maduro, sostuvo un fruct\u00edfero encuentro con el primer ministro de Etiop\u00eda, Abiy Ahmed Ali.<\/p>\n\n\n\n<p>Ambas autoridades llegaron este martes a la ciudad rusa de Kaz\u00e1n para participar en la XVI Cumbre de los BRICS, que se celebrar\u00e1 hasta el jueves 24 de octubre bajo el lema &#8216;Fortalecer el multilateralismo para un desarrollo mundial equitativo y la seguridad&#8217;.<\/p>\n\n\n\n<p>En esta bilateral, el presidente Maduro y Abiy Ahmed Ali debatir\u00e1n temas de inter\u00e9s com\u00fan, iniciativa en la que Venezuela levanta la bandera de la Diplomacia Bolivariana de Paz.<\/p>\n\n\n\n<p>El anuncio de aceptaci\u00f3n de los nuevos integrantes del bloque de cooperaci\u00f3n y de econom\u00eda ocurri\u00f3 durante la 15 Cumbre del Brics en agosto 2023 en Johannesburgo, Sud\u00e1frica, por el presidente Cyril Ramaphosa.<\/p>\n\n\n\n<p>Record\u00f3 que la posici\u00f3n geogr\u00e1fica de Addis Abeba favorece la conectividad con el resto de la regi\u00f3n, el comercio y la integraci\u00f3n econ\u00f3mica global, as\u00ed como los esfuerzos nacionales para construir infraestructuras de desarrollo.<\/p>\n\n\n\n<p>La visi\u00f3n del Primer Ministro coincide con las del presidente Nicol\u00e1s Maduro, quien subraya como premisa primordial la defensa del multilateralismo, la paz, el respecto, la cooperaci\u00f3n e integraci\u00f3n de los pueblos del mundo.<\/p>\n\n\n\n<p>En contexto, las relaciones diplom\u00e1ticas entre la Rep\u00fablica Bolivariana de Venezuela y la Rep\u00fablica Democr\u00e1tica Federal de Etiop\u00eda se formalizaron el 20 de julio de 1950.<\/p>\n\n\n\n<p>En 2006, el Gobierno Bolivariano estableci\u00f3 una Misi\u00f3n Diplom\u00e1tica permanente en Addis Abeba, capital del pa\u00eds, donde adem\u00e1s tiene su sede la Uni\u00f3n Africana.<\/p>\n\n\n\n<p>Al intervenir en el evento Brics-Africa Outreach y Brics Plus Dialogue, el primer ministro Abiy Ahmed afirm\u00f3 que \u201cEtiop\u00eda est\u00e1 dispuesta a cooperar con todos en pro de un orden mundial inclusivo y pr\u00f3spero\u201d.<\/p>\n\n\n\n<p>En aquel momento, Ahmed expres\u00f3 que un multilateralismo reformado implica inclusi\u00f3n, cooperaci\u00f3n y diversidad de voces e intereses.<\/p>\n\n\n\n<p>Al amplificar las voces de varios rincones del mundo \u00abpodemos trabajar en colaboraci\u00f3n por un mundo equitativo y pac\u00edfico\u00bb.<\/p>\n\n\n\n<p><strong>Prensa Presidencial \/ Ana\u00eds P\u00e9rez<\/strong><\/p>\n","protected":false},"excerpt":{"rendered":"<p>Kaz\u00e1n, Federaci\u00f3n de Rusia. &#8211; El presidente de la Rep\u00fablica Bolivariana de Venezuela, Nicol\u00e1s Maduro, sostuvo un fruct\u00edfero encuentro con el primer ministro de Etiop\u00eda, Abiy Ahmed Ali. Ambas autoridades llegaron este martes a la ciudad rusa de Kaz\u00e1n para participar en la XVI Cumbre de los BRICS, que se celebrar\u00e1 hasta el jueves 24 [&hellip;]<\/p>\n","protected":false},"author":1,"featured_media":14243,"comment_status":"open","ping_status":"open","sticky":false,"template":"","format":"standard","meta":{"footnotes":""},"categories":[18,7],"tags":[30,38,19,27,20],"class_list":["post-14224","post","type-post","status-publish","format-standard","has-post-thumbnail","hentry","category-noticias-principales","category-notas-de-prensa","tag-destacado","tag-diplomacia-bolivariana-de-paz","tag-nicolas-maduro","tag-revolucion-bolivariana","tag-venezuela"],"_links":{"self":[{"href":"https:\/\/prensapresidencialvenezuela.gob.ve\/index.php\/wp-json\/wp\/v2\/posts\/14224","targetHints":{"allow":["GET"]}}],"collection":[{"href":"https:\/\/prensapresidencialvenezuela.gob.ve\/index.php\/wp-json\/wp\/v2\/posts"}],"about":[{"href":"https:\/\/prensapresidencialvenezuela.gob.ve\/index.php\/wp-json\/wp\/v2\/types\/post"}],"author":[{"embeddable":true,"href":"https:\/\/prensapresidencialvenezuela.gob.ve\/index.php\/wp-json\/wp\/v2\/users\/1"}],"replies":[{"embeddable":true,"href":"https:\/\/prensapresidencialvenezuela.gob.ve\/index.php\/wp-json\/wp\/v2\/comments?post=14224"}],"version-history":[{"count":2,"href":"https:\/\/prensapresidencialvenezuela.gob.ve\/index.php\/wp-json\/wp\/v2\/posts\/14224\/revisions"}],"predecessor-version":[{"id":14248,"href":"https:\/\/prensapresidencialvenezuela.gob.ve\/index.php\/wp-json\/wp\/v2\/posts\/14224\/revisions\/14248"}],"wp:featuredmedia":[{"embeddable":true,"href":"https:\/\/prensapresidencialvenezuela.gob.ve\/index.php\/wp-json\/wp\/v2\/media\/14243"}],"wp:attachment":[{"href":"https:\/\/prensapresidencialvenezuela.gob.ve\/index.php\/wp-json\/wp\/v2\/media?parent=14224"}],"wp:term":[{"taxonomy":"category","embeddable":true,"href":"https:\/\/prensapresidencialvenezuela.gob.ve\/index.php\/wp-json\/wp\/v2\/categories?post=14224"},{"taxonomy":"post_tag","embeddable":true,"href":"https:\/\/prensapresidencialvenezuela.gob.ve\/index.php\/wp-json\/wp\/v2\/tags?post=14224"}],"curies":[{"name":"wp","href":"https:\/\/api.w.org\/{rel}","templated":true}]}}