{"id":1423,"date":"2022-03-09T14:41:00","date_gmt":"2022-03-09T14:41:00","guid":{"rendered":"http:\/\/172.27.0.121\/?p=1423"},"modified":"2022-06-09T14:42:38","modified_gmt":"2022-06-09T14:42:38","slug":"venezuela-apuesta-a-resolucion-de-conflicto-entre-rusia-y-ucrania","status":"publish","type":"post","link":"https:\/\/prensapresidencialvenezuela.gob.ve\/index.php\/2022\/03\/09\/venezuela-apuesta-a-resolucion-de-conflicto-entre-rusia-y-ucrania\/","title":{"rendered":"Venezuela apuesta a resoluci\u00f3n de conflicto entre Rusia y Ucrania"},"content":{"rendered":"\n<p><strong>Altos Mirandinos, estado Miranda.-<\/strong> El presidente de la Rep\u00fablica Bolivariana de Venezuela, Nicol\u00e1s Maduro, exhort\u00f3 al pueblo venezolano a \u201cdespertar la conciencia de paz, como Patria de paz que somos y seguiremos siendo\u201d.<\/p>\n\n\n\n<p>Durante una jornada de mi\u00e9rcoles productivo, el Jefe de Estado y de Gobierno, inform\u00f3 que realiz\u00f3 \u201cuna evaluaci\u00f3n de la situaci\u00f3n del mundo y hay componentes muy peligrosos (\u2026). El peligro es que el conflicto se expanda a Europa, que se arme una guerra mundial nuclear, hay un peligro real de que se dispare una guerra nuclear en el mundo actual\u201d, alert\u00f3.<\/p>\n\n\n\n<p>En este sentido, ratific\u00f3 que la guerra mundial arranc\u00f3 y es econ\u00f3mica. \u201cLa guerra mundial en su primera fase es econ\u00f3mica, con sanciones, bloqueos, incertidumbre en el abastecimiento de petr\u00f3leo, gasolina, hierro, fertilizantes, y otras materias primas en general, as\u00ed como incertidumbre en los precios, en el abastecimiento de alimentos y materias primas, en la utilizaci\u00f3n de la moneda, del sistema financiero para torcerle el brazo a pa\u00edses y regiones\u201d, argument\u00f3 el Dignatario.<\/p>\n\n\n\n<p>Al respecto, solicit\u00f3 al pueblo venezolano \u201c todo el apoyo para los pasos que estoy dando para la paz de Venezuela, Am\u00e9rica Latina, El Caribe y el mundo\u00bb, al tiempo que destac\u00f3 que Venezuela cumple, de manera modesta, un papel preponderante en la geopol\u00edtica mundial.<\/p>\n\n\n\n<p>En ese contexto, destac\u00f3 que la naci\u00f3n suramericana enfrenta grandes retos para lograr la estabilidad y la diversificaci\u00f3n de la econom\u00eda.<\/p>\n\n\n\n<p>\u201cEste a\u00f1o tenemos grandes metas en elevar la producci\u00f3n de petr\u00f3leo, de derivados de petr\u00f3leo, elevar la producci\u00f3n petroqu\u00edmica, de gas. Este a\u00f1o 2022 tiene que ser el a\u00f1o de la inflexi\u00f3n entre el tiempo de la resistencia y el tiempo del crecimiento acelerado y consolidado, sustentado para el crecimiento de la econom\u00eda completa\u201d, recalc\u00f3.<\/p>\n\n\n\n<p><strong>Prensa Presidencial\/Joelin Jim\u00e9nez<\/strong><\/p>\n","protected":false},"excerpt":{"rendered":"<p>Altos Mirandinos, estado Miranda.- El presidente de la Rep\u00fablica Bolivariana de Venezuela, Nicol\u00e1s Maduro, exhort\u00f3 al pueblo venezolano a \u201cdespertar la conciencia de paz, como Patria de paz que somos y seguiremos siendo\u201d. Durante una jornada de mi\u00e9rcoles productivo, el Jefe de Estado y de Gobierno, inform\u00f3 que realiz\u00f3 \u201cuna evaluaci\u00f3n de la situaci\u00f3n del [&hellip;]<\/p>\n","protected":false},"author":6,"featured_media":1424,"comment_status":"open","ping_status":"open","sticky":false,"template":"","format":"standard","meta":{"footnotes":""},"categories":[7],"tags":[],"class_list":["post-1423","post","type-post","status-publish","format-standard","has-post-thumbnail","hentry","category-notas-de-prensa"],"_links":{"self":[{"href":"https:\/\/prensapresidencialvenezuela.gob.ve\/index.php\/wp-json\/wp\/v2\/posts\/1423","targetHints":{"allow":["GET"]}}],"collection":[{"href":"https:\/\/prensapresidencialvenezuela.gob.ve\/index.php\/wp-json\/wp\/v2\/posts"}],"about":[{"href":"https:\/\/prensapresidencialvenezuela.gob.ve\/index.php\/wp-json\/wp\/v2\/types\/post"}],"author":[{"embeddable":true,"href":"https:\/\/prensapresidencialvenezuela.gob.ve\/index.php\/wp-json\/wp\/v2\/users\/6"}],"replies":[{"embeddable":true,"href":"https:\/\/prensapresidencialvenezuela.gob.ve\/index.php\/wp-json\/wp\/v2\/comments?post=1423"}],"version-history":[{"count":1,"href":"https:\/\/prensapresidencialvenezuela.gob.ve\/index.php\/wp-json\/wp\/v2\/posts\/1423\/revisions"}],"predecessor-version":[{"id":1425,"href":"https:\/\/prensapresidencialvenezuela.gob.ve\/index.php\/wp-json\/wp\/v2\/posts\/1423\/revisions\/1425"}],"wp:featuredmedia":[{"embeddable":true,"href":"https:\/\/prensapresidencialvenezuela.gob.ve\/index.php\/wp-json\/wp\/v2\/media\/1424"}],"wp:attachment":[{"href":"https:\/\/prensapresidencialvenezuela.gob.ve\/index.php\/wp-json\/wp\/v2\/media?parent=1423"}],"wp:term":[{"taxonomy":"category","embeddable":true,"href":"https:\/\/prensapresidencialvenezuela.gob.ve\/index.php\/wp-json\/wp\/v2\/categories?post=1423"},{"taxonomy":"post_tag","embeddable":true,"href":"https:\/\/prensapresidencialvenezuela.gob.ve\/index.php\/wp-json\/wp\/v2\/tags?post=1423"}],"curies":[{"name":"wp","href":"https:\/\/api.w.org\/{rel}","templated":true}]}}