{"id":14272,"date":"2024-10-23T13:59:57","date_gmt":"2024-10-23T17:59:57","guid":{"rendered":"https:\/\/prensapresidencialvenezuela.gob.ve\/?p=14272"},"modified":"2024-10-24T21:47:51","modified_gmt":"2024-10-25T01:47:51","slug":"rusia-y-venezuela-abogan-por-un-mundo-mas-justo-basado-en-el-estado-de-derecho","status":"publish","type":"post","link":"https:\/\/prensapresidencialvenezuela.gob.ve\/index.php\/2024\/10\/23\/rusia-y-venezuela-abogan-por-un-mundo-mas-justo-basado-en-el-estado-de-derecho\/","title":{"rendered":"Rusia y Venezuela abogan por un mundo m\u00e1s justo basado en el Estado de derecho"},"content":{"rendered":"\n<p>Kaz\u00e1n, Federaci\u00f3n de Rusia.- \u00abRusia y Venezuela procuran formar un mundo nuevo m\u00e1s justo, basado en el Estado de derecho, la inadmisibilidad de enfoques neocoloniales sin injerencia en los asuntos internos de otros Estados, la presi\u00f3n financiera y pol\u00edtica o medidas coercitivas unilaterales\u00bb.<\/p>\n\n\n\n<p><br>Las declaraciones corresponden al presidente de la Federaci\u00f3n de Rusia, Vladimir Putin quien expres\u00f3 su alegr\u00eda por la asistencia de la delegaci\u00f3n de Venezuela, encabezada por el Jefe de Estado, Nicol\u00e1s Maduro, a la XVI Cumbre de los BRICS, ocasi\u00f3n propicia para trabajar en la construcci\u00f3n de un mundo m\u00e1s justo.<\/p>\n\n\n\n<p><br>\u00abRecuerdo bien nuestro anterior encuentro en Mosc\u00fa en 2019. Me alegro de que haya podido venir a Kaz\u00e1n y participar personalmente en los trabajos de la cumbre\u00bb, resalt\u00f3.<\/p>\n\n\n\n<p><br>En este sentido, destac\u00f3 las buenas relaciones en materia econ\u00f3mica que se han sostenido a trav\u00e9s del tiempo y manifest\u00f3 su agrado hacia los resultados positivos que se visualizan en beneficio de ambos pueblos.<\/p>\n\n\n\n<p><br>\u00abTenemos todo un paquete de nuestra cooperaci\u00f3n, es algo muy bueno y continuar\u00e1n desarroll\u00e1ndose (\u2026) Vemos resultados, los que nos alegran mucho. Tenemos relaciones excelentes en la conversi\u00f3n bancaria financiera, sobre la base de pagos, cobros, en moneda nacional\u00bb, subray\u00f3 el presidente Putin.<\/p>\n\n\n\n<p><br>De la misma forma, describi\u00f3 la positiva interconexi\u00f3n a\u00e9rea existente entre ambas naciones, as\u00ed como la coordinaci\u00f3n de relaciones internacionales en otros espacios de multilaterales.<\/p>\n\n\n\n<p><br>El Mandatario ruso apreci\u00f3 que la Rep\u00fablica Bolivariana de Venezuela comparta la misma cosmovisi\u00f3n sobre la situaci\u00f3n geopol\u00edtica internacional, que tiene como punto de enfoque la guerra contra Rusia en todos sus niveles.<\/p>\n\n\n\n<p><br>\u00abApreciamos que Venezuela comparta nuestras evaluaciones de la situaci\u00f3n actual internacional, que nos apoye en el contexto de la guerra h\u00edbrida desencadenada contra Rusia y la campa\u00f1a de rusofobia. Hoy podemos abordar todos los temas claves de nuestra cooperaci\u00f3n bilateral y de la agenda internacional\u00bb, detall\u00f3.<\/p>\n\n\n\n<p><br>En este orden de ideas, calific\u00f3 como positiva la consistencia y firme defensa del presidente Nicol\u00e1s Maduro de los intereses del pueblo venezolano, que sigue superando los desaf\u00edos de la guerra econ\u00f3mica por parte de potencias extranjeras.<\/p>\n\n\n\n<p><br>\u00abEstamos al tanto, de c\u00f3mo usted [presidente Nicol\u00e1s Maduro] en su pa\u00eds defiende los intereses de su pueblo, los intereses de Venezuela, sabemos que lo hace de una manera muy consistente. Estamos de su lado, les apoyamos en estos temas\u00bb, estim\u00f3 Putin.<\/p>\n\n\n\n<p><strong>Prensa Presidencial<\/strong> <strong>\/ Geraldine Quintero<\/strong><\/p>\n\n\n\n<p><\/p>\n","protected":false},"excerpt":{"rendered":"<p>Kaz\u00e1n, Federaci\u00f3n de Rusia.- \u00abRusia y Venezuela procuran formar un mundo nuevo m\u00e1s justo, basado en el Estado de derecho, la inadmisibilidad de enfoques neocoloniales sin injerencia en los asuntos internos de otros Estados, la presi\u00f3n financiera y pol\u00edtica o medidas coercitivas unilaterales\u00bb. Las declaraciones corresponden al presidente de la Federaci\u00f3n de Rusia, Vladimir Putin [&hellip;]<\/p>\n","protected":false},"author":1,"featured_media":14275,"comment_status":"open","ping_status":"open","sticky":false,"template":"","format":"standard","meta":{"footnotes":""},"categories":[18,7],"tags":[125,30,38,19,27,20,997],"class_list":["post-14272","post","type-post","status-publish","format-standard","has-post-thumbnail","hentry","category-noticias-principales","category-notas-de-prensa","tag-brics","tag-destacado","tag-diplomacia-bolivariana-de-paz","tag-nicolas-maduro","tag-revolucion-bolivariana","tag-venezuela","tag-vladimir-putin"],"_links":{"self":[{"href":"https:\/\/prensapresidencialvenezuela.gob.ve\/index.php\/wp-json\/wp\/v2\/posts\/14272","targetHints":{"allow":["GET"]}}],"collection":[{"href":"https:\/\/prensapresidencialvenezuela.gob.ve\/index.php\/wp-json\/wp\/v2\/posts"}],"about":[{"href":"https:\/\/prensapresidencialvenezuela.gob.ve\/index.php\/wp-json\/wp\/v2\/types\/post"}],"author":[{"embeddable":true,"href":"https:\/\/prensapresidencialvenezuela.gob.ve\/index.php\/wp-json\/wp\/v2\/users\/1"}],"replies":[{"embeddable":true,"href":"https:\/\/prensapresidencialvenezuela.gob.ve\/index.php\/wp-json\/wp\/v2\/comments?post=14272"}],"version-history":[{"count":2,"href":"https:\/\/prensapresidencialvenezuela.gob.ve\/index.php\/wp-json\/wp\/v2\/posts\/14272\/revisions"}],"predecessor-version":[{"id":14379,"href":"https:\/\/prensapresidencialvenezuela.gob.ve\/index.php\/wp-json\/wp\/v2\/posts\/14272\/revisions\/14379"}],"wp:featuredmedia":[{"embeddable":true,"href":"https:\/\/prensapresidencialvenezuela.gob.ve\/index.php\/wp-json\/wp\/v2\/media\/14275"}],"wp:attachment":[{"href":"https:\/\/prensapresidencialvenezuela.gob.ve\/index.php\/wp-json\/wp\/v2\/media?parent=14272"}],"wp:term":[{"taxonomy":"category","embeddable":true,"href":"https:\/\/prensapresidencialvenezuela.gob.ve\/index.php\/wp-json\/wp\/v2\/categories?post=14272"},{"taxonomy":"post_tag","embeddable":true,"href":"https:\/\/prensapresidencialvenezuela.gob.ve\/index.php\/wp-json\/wp\/v2\/tags?post=14272"}],"curies":[{"name":"wp","href":"https:\/\/api.w.org\/{rel}","templated":true}]}}