{"id":14392,"date":"2024-10-26T23:19:18","date_gmt":"2024-10-27T03:19:18","guid":{"rendered":"https:\/\/prensapresidencialvenezuela.gob.ve\/?p=14392"},"modified":"2024-10-27T14:46:05","modified_gmt":"2024-10-27T18:46:05","slug":"presidente-maduro-arribo-al-pais-tras-asistir-a-la-xiv-cumbre-de-los-brics","status":"publish","type":"post","link":"https:\/\/prensapresidencialvenezuela.gob.ve\/index.php\/2024\/10\/26\/presidente-maduro-arribo-al-pais-tras-asistir-a-la-xiv-cumbre-de-los-brics\/","title":{"rendered":"Presidente Maduro arrib\u00f3 al pa\u00eds tras asistir a la XIV Cumbre de los BRICS"},"content":{"rendered":"\n<p><strong>Aeropuerto Internacional de Maiquet\u00eda \u201cSim\u00f3n Bol\u00edvar\u201d, La Guaira. &#8211;<\/strong>El presidente de la Rep\u00fablica Bolivariana de Venezuela, Nicol\u00e1s Maduro, arrib\u00f3 este s\u00e1bado a territorio procedente de la ciudad de Kaz\u00e1n, donde particip\u00f3 en la Sesi\u00f3n de la Cumbre BRICS Plus, luego de la invitaci\u00f3n que le hiciera su hom\u00f3logo de la Federaci\u00f3n de Rusia, Vlad\u00edmir Putin.<\/p>\n\n\n\n<p>El Dignatario durante su participaci\u00f3n, realiz\u00f3 varios planteamientos en aras de aportar nuevas ideas y avances en distintas \u00e1reas, para el desarrollo de los pa\u00edses miembros de los BRICS, los cuales son:<\/p>\n\n\n\n<ul class=\"wp-block-list\">\n<li>La necesidad de una agenda econ\u00f3mica que brinde soluciones alternas referente al intercambio comercial, bajo un nuevo sistema monetario mundial.<\/li>\n\n\n\n<li>Avanzar hacia la consolidaci\u00f3n del Nuevo Banco de los BRICS, en consecuencia, establecer un nuevo sistema nuevo de pagos.<\/li>\n\n\n\n<li>Refundar el Sistema de Naciones Unidas (ONU), el cual \u00abagoniza ante el surgimiento de corrientes nazis y fascistas a lo largo de esta coyuntura hist\u00f3rica tan dolorosa\u00bb.<\/li>\n<\/ul>\n\n\n\n<p>\u00abEste es el comienzo de una nueva era, una era donde la cooperaci\u00f3n y la solidaridad ser\u00e1n los pilares de un mundo m\u00e1s humano y equitativo, enfatiz\u00f3 durante su discurso\u00bb, destac\u00f3.<\/p>\n\n\n\n<p>Recibieron al Dignatario venezolano, Gabriela Jim\u00e9nez, vicepresidenta sectorial de Ciencia, Tecnolog\u00eda, Educaci\u00f3n y Salud; Jorge M\u00e1rquez, vicepresidente Sectorial de Obras P\u00fablicas y Servicios; Diosdado Cabello, vicepresidente Sectorial de Pol\u00edtica, Seguridad Ciudadana y Paz<\/p>\n\n\n\n<p>Asimismo, est\u00e1n tambi\u00e9n H\u00e9ctor Rodr\u00edguez, vicepresidente Social y Territorial; Vladimir Padrino L\u00f3pez, Vicepresidente Sectorial de Soberan\u00eda Pol\u00edtica, Seguridad y Paz; y el Estado Mayor Superior de la Fuerza Armada Nacional Bolivariana (FANB).<\/p>\n\n\n\n<p><strong>Prensa presidencial| Geraldine Quintero<\/strong><\/p>\n","protected":false},"excerpt":{"rendered":"<p>Aeropuerto Internacional de Maiquet\u00eda \u201cSim\u00f3n Bol\u00edvar\u201d, La Guaira. &#8211;El presidente de la Rep\u00fablica Bolivariana de Venezuela, Nicol\u00e1s Maduro, arrib\u00f3 este s\u00e1bado a territorio procedente de la ciudad de Kaz\u00e1n, donde particip\u00f3 en la Sesi\u00f3n de la Cumbre BRICS Plus, luego de la invitaci\u00f3n que le hiciera su hom\u00f3logo de la Federaci\u00f3n de Rusia, Vlad\u00edmir Putin. [&hellip;]<\/p>\n","protected":false},"author":1,"featured_media":14393,"comment_status":"open","ping_status":"open","sticky":false,"template":"","format":"standard","meta":{"footnotes":""},"categories":[18,7],"tags":[125,30,38,19,27,20],"class_list":["post-14392","post","type-post","status-publish","format-standard","has-post-thumbnail","hentry","category-noticias-principales","category-notas-de-prensa","tag-brics","tag-destacado","tag-diplomacia-bolivariana-de-paz","tag-nicolas-maduro","tag-revolucion-bolivariana","tag-venezuela"],"_links":{"self":[{"href":"https:\/\/prensapresidencialvenezuela.gob.ve\/index.php\/wp-json\/wp\/v2\/posts\/14392","targetHints":{"allow":["GET"]}}],"collection":[{"href":"https:\/\/prensapresidencialvenezuela.gob.ve\/index.php\/wp-json\/wp\/v2\/posts"}],"about":[{"href":"https:\/\/prensapresidencialvenezuela.gob.ve\/index.php\/wp-json\/wp\/v2\/types\/post"}],"author":[{"embeddable":true,"href":"https:\/\/prensapresidencialvenezuela.gob.ve\/index.php\/wp-json\/wp\/v2\/users\/1"}],"replies":[{"embeddable":true,"href":"https:\/\/prensapresidencialvenezuela.gob.ve\/index.php\/wp-json\/wp\/v2\/comments?post=14392"}],"version-history":[{"count":4,"href":"https:\/\/prensapresidencialvenezuela.gob.ve\/index.php\/wp-json\/wp\/v2\/posts\/14392\/revisions"}],"predecessor-version":[{"id":14404,"href":"https:\/\/prensapresidencialvenezuela.gob.ve\/index.php\/wp-json\/wp\/v2\/posts\/14392\/revisions\/14404"}],"wp:featuredmedia":[{"embeddable":true,"href":"https:\/\/prensapresidencialvenezuela.gob.ve\/index.php\/wp-json\/wp\/v2\/media\/14393"}],"wp:attachment":[{"href":"https:\/\/prensapresidencialvenezuela.gob.ve\/index.php\/wp-json\/wp\/v2\/media?parent=14392"}],"wp:term":[{"taxonomy":"category","embeddable":true,"href":"https:\/\/prensapresidencialvenezuela.gob.ve\/index.php\/wp-json\/wp\/v2\/categories?post=14392"},{"taxonomy":"post_tag","embeddable":true,"href":"https:\/\/prensapresidencialvenezuela.gob.ve\/index.php\/wp-json\/wp\/v2\/tags?post=14392"}],"curies":[{"name":"wp","href":"https:\/\/api.w.org\/{rel}","templated":true}]}}