{"id":14409,"date":"2024-10-27T19:35:25","date_gmt":"2024-10-27T23:35:25","guid":{"rendered":"https:\/\/prensapresidencialvenezuela.gob.ve\/?p=14409"},"modified":"2024-10-27T19:35:26","modified_gmt":"2024-10-27T23:35:26","slug":"presidente-felicita-a-san-vicente-y-las-granadinas-por-el-aniversario-de-su-independencia","status":"publish","type":"post","link":"https:\/\/prensapresidencialvenezuela.gob.ve\/index.php\/2024\/10\/27\/presidente-felicita-a-san-vicente-y-las-granadinas-por-el-aniversario-de-su-independencia\/","title":{"rendered":"Presidente felicita a San Vicente y las Granadinas por el aniversario de su Independencia"},"content":{"rendered":"\n<p><strong>Palacio de Miraflores, Caracas.- <\/strong>El presidente de la Rep\u00fablica Bolivariana de Venezuela, Nicol\u00e1s Maduro Moros, felicit\u00f3 al pueblo de San Vicente y las Granadinas por el 45\u00b0 aniversario de su Independencia.<\/p>\n\n\n\n<p>El mensaje lo difundi\u00f3 a trav\u00e9s de su cuenta en la red social Instagram, donde felicit\u00f3 a la naci\u00f3n caribe\u00f1a.<\/p>\n\n\n\n<p>\u00abVaya mis felicitaciones y un fraterno saludo al noble pueblo de San Vicente y las Granadinas que celebran este 27 octubre el 45\u00b0 aniversario de su Independencia\u00bb, manifest\u00f3.<\/p>\n\n\n\n<p>Asimismo, destac\u00f3 los v\u00ednculos de amor y hermandad entre ambas naciones.<\/p>\n\n\n\n<p>\u00ab\u00a1Reciban el abrazo del pueblo bolivariano! La hermandad y amistad entre ambos pa\u00edses avanza de victoria en victoria, as\u00ed como la consolidaci\u00f3n de la uni\u00f3n y la fraternidad. Llegue a los pueblos del Caribe nuestro amor y solidaridad!\u00bb, subray\u00f3.<\/p>\n\n\n\n<p>El pueblo de San Vicente y las Granadinas se ha conformado como un aliado estrat\u00e9gico en la defensa de la soberan\u00eda de Venezuela, rechazando las medidas coercitivas que ha ejercido el gobierno estadounidense contra pa\u00eds Suram\u00e9ricano.<\/p>\n\n\n\n<p><strong>Prensa Presidencial\/ Irmary D\u00edaz<\/strong><\/p>\n","protected":false},"excerpt":{"rendered":"<p>Palacio de Miraflores, Caracas.- El presidente de la Rep\u00fablica Bolivariana de Venezuela, Nicol\u00e1s Maduro Moros, felicit\u00f3 al pueblo de San Vicente y las Granadinas por el 45\u00b0 aniversario de su Independencia. El mensaje lo difundi\u00f3 a trav\u00e9s de su cuenta en la red social Instagram, donde felicit\u00f3 a la naci\u00f3n caribe\u00f1a. \u00abVaya mis felicitaciones y [&hellip;]<\/p>\n","protected":false},"author":1,"featured_media":14410,"comment_status":"open","ping_status":"open","sticky":false,"template":"","format":"standard","meta":{"footnotes":""},"categories":[18],"tags":[30,38,19,27],"class_list":["post-14409","post","type-post","status-publish","format-standard","has-post-thumbnail","hentry","category-noticias-principales","tag-destacado","tag-diplomacia-bolivariana-de-paz","tag-nicolas-maduro","tag-revolucion-bolivariana"],"_links":{"self":[{"href":"https:\/\/prensapresidencialvenezuela.gob.ve\/index.php\/wp-json\/wp\/v2\/posts\/14409","targetHints":{"allow":["GET"]}}],"collection":[{"href":"https:\/\/prensapresidencialvenezuela.gob.ve\/index.php\/wp-json\/wp\/v2\/posts"}],"about":[{"href":"https:\/\/prensapresidencialvenezuela.gob.ve\/index.php\/wp-json\/wp\/v2\/types\/post"}],"author":[{"embeddable":true,"href":"https:\/\/prensapresidencialvenezuela.gob.ve\/index.php\/wp-json\/wp\/v2\/users\/1"}],"replies":[{"embeddable":true,"href":"https:\/\/prensapresidencialvenezuela.gob.ve\/index.php\/wp-json\/wp\/v2\/comments?post=14409"}],"version-history":[{"count":1,"href":"https:\/\/prensapresidencialvenezuela.gob.ve\/index.php\/wp-json\/wp\/v2\/posts\/14409\/revisions"}],"predecessor-version":[{"id":14411,"href":"https:\/\/prensapresidencialvenezuela.gob.ve\/index.php\/wp-json\/wp\/v2\/posts\/14409\/revisions\/14411"}],"wp:featuredmedia":[{"embeddable":true,"href":"https:\/\/prensapresidencialvenezuela.gob.ve\/index.php\/wp-json\/wp\/v2\/media\/14410"}],"wp:attachment":[{"href":"https:\/\/prensapresidencialvenezuela.gob.ve\/index.php\/wp-json\/wp\/v2\/media?parent=14409"}],"wp:term":[{"taxonomy":"category","embeddable":true,"href":"https:\/\/prensapresidencialvenezuela.gob.ve\/index.php\/wp-json\/wp\/v2\/categories?post=14409"},{"taxonomy":"post_tag","embeddable":true,"href":"https:\/\/prensapresidencialvenezuela.gob.ve\/index.php\/wp-json\/wp\/v2\/tags?post=14409"}],"curies":[{"name":"wp","href":"https:\/\/api.w.org\/{rel}","templated":true}]}}