{"id":14448,"date":"2024-10-28T21:56:44","date_gmt":"2024-10-29T01:56:44","guid":{"rendered":"https:\/\/prensapresidencialvenezuela.gob.ve\/?p=14448"},"modified":"2024-10-29T00:52:26","modified_gmt":"2024-10-29T04:52:26","slug":"jefe-de-estado-el-veto-contra-venezuela-para-ingresar-a-los-brics-no-es-de-lula-sino-de-itamaraty","status":"publish","type":"post","link":"https:\/\/prensapresidencialvenezuela.gob.ve\/index.php\/2024\/10\/28\/jefe-de-estado-el-veto-contra-venezuela-para-ingresar-a-los-brics-no-es-de-lula-sino-de-itamaraty\/","title":{"rendered":"Jefe de Estado: \u00abEl veto contra Venezuela para ingresar a los BRICS no es de Lula, sino de Itamaraty\u00bb"},"content":{"rendered":"\n<p><strong>Teatro Teresa Carre\u00f1o, Caracas.-<\/strong>\u00abEl veto contra Venezuela para ingresar a los BRICS no es de Lula, sino de Itamaraty\u00bb, se\u00f1al\u00f3 el presidente de la Rep\u00fablica Bolivariana de Venezuela, Nicol\u00e1s Maduro, respecto al impedimento que tuvo la naci\u00f3n venezolana en los BRICS, a\u00f1adiendo a su vez, que \u00abItamaraty es un poder dentro de otro poder en Brasil\u00bb.<\/p>\n\n\n\n<p>\u00abItamaraty en los tiempos del gobierno de Jair Bolsonaro fue la gran promotora de la exclusi\u00f3n ilegal de Venezuela del Mercosur. Una mancha en la diplomacia brasilera, combinada con la diplomacia de derecha del gobierno \u2013argentino- de entonces de Mauricio Macri\u00bb, record\u00f3 el Mandatario venezolano.<\/p>\n\n\n\n<p>Aunado a ello, acot\u00f3: \u00abItamaraty tiene un largo acervo de conspiraci\u00f3n contra la Patria de Bol\u00edvar, ya que mantiene una ideolog\u00eda muy anti-bolivariana y anti-venezolana, y que en este momento se ha vuelto a expresar con el rechazo que ha manifestado Brasil al evitar el ingreso de Venezuela en los BRICS.<\/p>\n\n\n\n<p>En contexto, el presidente puntualiz\u00f3 que prefiere ser cauteloso y esperar que el presidente de Brasil, Lula da Silva, \u00abobserve y est\u00e9 bien informado de los acontecimientos y \u00e9l como jefe de Estado, en su momento, diga lo que tenga que decir\u00bb.<\/p>\n\n\n\n<p>Asimismo, manifest\u00f3 que es un error pensar que pueden vetar el derecho a Venezuela de pertenecer a un nuevo mundo, porque no empez\u00f3 en Kaz\u00e1n, empez\u00f3 hace muchos a\u00f1os.<\/p>\n\n\n\n<p>\u00abNosotros pertenecemos a los BRICS desde hace 200 a\u00f1os, porque a nosotros no nos gan\u00f3 la independencia nadie, la independencia m\u00e1s bregada en la historia de la humanidad fue en Venezuela\u00bb, resalt\u00f3 el presidente Maduro.<\/p>\n\n\n\n<p>Para finalizar, el mandatario Nicol\u00e1s Maduro coment\u00f3 que ya existe una agenda bilateral, que va tejiendo una fuerza multilateral con todos los pa\u00edses con los que sostuvo reuniones, para continuar avanzando.<\/p>\n\n\n\n<p><strong>Prensa Presidencial \/ Irmary D\u00edaz<\/strong><\/p>\n","protected":false},"excerpt":{"rendered":"<p>Teatro Teresa Carre\u00f1o, Caracas.-\u00abEl veto contra Venezuela para ingresar a los BRICS no es de Lula, sino de Itamaraty\u00bb, se\u00f1al\u00f3 el presidente de la Rep\u00fablica Bolivariana de Venezuela, Nicol\u00e1s Maduro, respecto al impedimento que tuvo la naci\u00f3n venezolana en los BRICS, a\u00f1adiendo a su vez, que \u00abItamaraty es un poder dentro de otro poder en [&hellip;]<\/p>\n","protected":false},"author":1,"featured_media":14449,"comment_status":"open","ping_status":"open","sticky":false,"template":"","format":"standard","meta":{"footnotes":""},"categories":[18,7],"tags":[30,21,19,27,20],"class_list":["post-14448","post","type-post","status-publish","format-standard","has-post-thumbnail","hentry","category-noticias-principales","category-notas-de-prensa","tag-destacado","tag-economia-venezolana","tag-nicolas-maduro","tag-revolucion-bolivariana","tag-venezuela"],"_links":{"self":[{"href":"https:\/\/prensapresidencialvenezuela.gob.ve\/index.php\/wp-json\/wp\/v2\/posts\/14448","targetHints":{"allow":["GET"]}}],"collection":[{"href":"https:\/\/prensapresidencialvenezuela.gob.ve\/index.php\/wp-json\/wp\/v2\/posts"}],"about":[{"href":"https:\/\/prensapresidencialvenezuela.gob.ve\/index.php\/wp-json\/wp\/v2\/types\/post"}],"author":[{"embeddable":true,"href":"https:\/\/prensapresidencialvenezuela.gob.ve\/index.php\/wp-json\/wp\/v2\/users\/1"}],"replies":[{"embeddable":true,"href":"https:\/\/prensapresidencialvenezuela.gob.ve\/index.php\/wp-json\/wp\/v2\/comments?post=14448"}],"version-history":[{"count":2,"href":"https:\/\/prensapresidencialvenezuela.gob.ve\/index.php\/wp-json\/wp\/v2\/posts\/14448\/revisions"}],"predecessor-version":[{"id":14472,"href":"https:\/\/prensapresidencialvenezuela.gob.ve\/index.php\/wp-json\/wp\/v2\/posts\/14448\/revisions\/14472"}],"wp:featuredmedia":[{"embeddable":true,"href":"https:\/\/prensapresidencialvenezuela.gob.ve\/index.php\/wp-json\/wp\/v2\/media\/14449"}],"wp:attachment":[{"href":"https:\/\/prensapresidencialvenezuela.gob.ve\/index.php\/wp-json\/wp\/v2\/media?parent=14448"}],"wp:term":[{"taxonomy":"category","embeddable":true,"href":"https:\/\/prensapresidencialvenezuela.gob.ve\/index.php\/wp-json\/wp\/v2\/categories?post=14448"},{"taxonomy":"post_tag","embeddable":true,"href":"https:\/\/prensapresidencialvenezuela.gob.ve\/index.php\/wp-json\/wp\/v2\/tags?post=14448"}],"curies":[{"name":"wp","href":"https:\/\/api.w.org\/{rel}","templated":true}]}}