{"id":14451,"date":"2024-10-28T22:56:31","date_gmt":"2024-10-29T02:56:31","guid":{"rendered":"https:\/\/prensapresidencialvenezuela.gob.ve\/?p=14451"},"modified":"2024-10-28T22:56:32","modified_gmt":"2024-10-29T02:56:32","slug":"presidente-maduro-un-mundo-nuevo-ha-nacido-con-los-brics","status":"publish","type":"post","link":"https:\/\/prensapresidencialvenezuela.gob.ve\/index.php\/2024\/10\/28\/presidente-maduro-un-mundo-nuevo-ha-nacido-con-los-brics\/","title":{"rendered":"Presidente Maduro: \u00abUn mundo nuevo ha nacido con los BRICS\u00bb"},"content":{"rendered":"\n<p><strong>Teatro Teresa Carre\u00f1o, Caracas.-<\/strong> El presidente de la Rep\u00fablica Bolivariana de Venezuela, Nicol\u00e1s Maduro, destac\u00f3 que un mundo nuevo ha nacido luego de su importante visita a Rusia, en la Primera Sesi\u00f3n de la Cumbre BRICS Plus, donde varios pa\u00edses reafirmaron su compromiso de seguir avanzando en un nuevo orden mundial m\u00e1s humano y m\u00e1s justo.<\/p>\n\n\n\n<p><br>El presidente Maduro se\u00f1al\u00f3 que los BRICS han puesto en la agenda nuevos paradigmas y la necesidad de una nueva agenda econ\u00f3mica, con soluciones pr\u00e1cticas, \u00aba los temas del comercio internacional, al nuevo sistema del intercambio monetario. Venezuela insiste en la consolidaci\u00f3n del nuevo Banco de los BRICS\u00bb.<\/p>\n\n\n\n<p><br>Los mandatarios aprobaron la declaraci\u00f3n final de cuatro secciones fundamentales, fortalecimiento del nuevo multilateralismo para un orden mundial m\u00e1s justo y democr\u00e1tico, \u00abfortalecimiento de la cooperaci\u00f3n y la estabilidad y la seguridad mundial y regional, profundizaci\u00f3n de la cooperaci\u00f3n financiera y econ\u00f3mica en aras de un desarrollo mundial m\u00e1s equitativo, y ampliaci\u00f3n de un mejor desarrollo socioecon\u00f3mico y humanitario\u00bb, detall\u00f3.<\/p>\n\n\n\n<p><br>En contexto, el jefe de Estado, en su intensa jornada de trabajo, arrib\u00f3 el d\u00eda viernes a la Rep\u00fablica de Argelia para sostener importantes relaciones e intercambio de experiencia en materia gas\u00edfera y el sector de los hidrocarburos, con pa\u00edses como Argelia.<\/p>\n\n\n\n<p><br>El Mandatario se\u00f1al\u00f3 que fue una jornada maravillosa e impecable, para decir la verdad de Venezuela.<br>\u00abVenezuela forma parte de los BRICS desde hace 200 a\u00f1os, del mundo nuevo que se escribe con \u201cB\u201d de Bol\u00edvar y ha nacido, estamos del lado correcto de la historia y estamos a la vanguardia que ha nacido\u00bb, acot\u00f3 el Mandatario.<\/p>\n\n\n\n<p><br><strong>Palacio de Miraflores\/Orlando Ruiz<\/strong><\/p>\n","protected":false},"excerpt":{"rendered":"<p>Teatro Teresa Carre\u00f1o, Caracas.- El presidente de la Rep\u00fablica Bolivariana de Venezuela, Nicol\u00e1s Maduro, destac\u00f3 que un mundo nuevo ha nacido luego de su importante visita a Rusia, en la Primera Sesi\u00f3n de la Cumbre BRICS Plus, donde varios pa\u00edses reafirmaron su compromiso de seguir avanzando en un nuevo orden mundial m\u00e1s humano y m\u00e1s [&hellip;]<\/p>\n","protected":false},"author":1,"featured_media":14452,"comment_status":"open","ping_status":"open","sticky":false,"template":"","format":"standard","meta":{"footnotes":""},"categories":[18,7],"tags":[30,38,19,27,20],"class_list":["post-14451","post","type-post","status-publish","format-standard","has-post-thumbnail","hentry","category-noticias-principales","category-notas-de-prensa","tag-destacado","tag-diplomacia-bolivariana-de-paz","tag-nicolas-maduro","tag-revolucion-bolivariana","tag-venezuela"],"_links":{"self":[{"href":"https:\/\/prensapresidencialvenezuela.gob.ve\/index.php\/wp-json\/wp\/v2\/posts\/14451","targetHints":{"allow":["GET"]}}],"collection":[{"href":"https:\/\/prensapresidencialvenezuela.gob.ve\/index.php\/wp-json\/wp\/v2\/posts"}],"about":[{"href":"https:\/\/prensapresidencialvenezuela.gob.ve\/index.php\/wp-json\/wp\/v2\/types\/post"}],"author":[{"embeddable":true,"href":"https:\/\/prensapresidencialvenezuela.gob.ve\/index.php\/wp-json\/wp\/v2\/users\/1"}],"replies":[{"embeddable":true,"href":"https:\/\/prensapresidencialvenezuela.gob.ve\/index.php\/wp-json\/wp\/v2\/comments?post=14451"}],"version-history":[{"count":1,"href":"https:\/\/prensapresidencialvenezuela.gob.ve\/index.php\/wp-json\/wp\/v2\/posts\/14451\/revisions"}],"predecessor-version":[{"id":14453,"href":"https:\/\/prensapresidencialvenezuela.gob.ve\/index.php\/wp-json\/wp\/v2\/posts\/14451\/revisions\/14453"}],"wp:featuredmedia":[{"embeddable":true,"href":"https:\/\/prensapresidencialvenezuela.gob.ve\/index.php\/wp-json\/wp\/v2\/media\/14452"}],"wp:attachment":[{"href":"https:\/\/prensapresidencialvenezuela.gob.ve\/index.php\/wp-json\/wp\/v2\/media?parent=14451"}],"wp:term":[{"taxonomy":"category","embeddable":true,"href":"https:\/\/prensapresidencialvenezuela.gob.ve\/index.php\/wp-json\/wp\/v2\/categories?post=14451"},{"taxonomy":"post_tag","embeddable":true,"href":"https:\/\/prensapresidencialvenezuela.gob.ve\/index.php\/wp-json\/wp\/v2\/tags?post=14451"}],"curies":[{"name":"wp","href":"https:\/\/api.w.org\/{rel}","templated":true}]}}