{"id":1448,"date":"2022-03-11T14:59:00","date_gmt":"2022-03-11T14:59:00","guid":{"rendered":"http:\/\/172.27.0.121\/?p=1448"},"modified":"2022-06-09T15:00:52","modified_gmt":"2022-06-09T15:00:52","slug":"presidente-de-turquia-la-tarea-principal-de-la-diplomacia-debe-ser-la-paz","status":"publish","type":"post","link":"https:\/\/prensapresidencialvenezuela.gob.ve\/index.php\/2022\/03\/11\/presidente-de-turquia-la-tarea-principal-de-la-diplomacia-debe-ser-la-paz\/","title":{"rendered":"Presidente de Turqu\u00eda: La tarea principal de la diplomacia debe ser la paz"},"content":{"rendered":"\n<p><strong>Antalya, Turqu\u00eda.-<\/strong> Al asegurar que la diplomacia debe utilizarse como mecanismo para establecer la paz en mundo, el presidente de la Rep\u00fablica de Turqu\u00eda, Recep Tayyip Erdo\u011fan, inaugur\u00f3 el Foro Diplom\u00e1tico de Antalya (ADF) 2022, que se realiza en Antalya del 11 al 13 de marzo bajo el lema \u201cRecodificaci\u00f3n de la diplomacia\u00bb.<\/p>\n\n\n\n<p>El Jefe de Estado turco expres\u00f3 que la tarea principal de la diplomacia \u201ces hacer cumplir la paz y la estabilidad. En este sentido, se\u00f1al\u00f3 que \u201cla verdadera habilidad es involucrarse de manera oportuna antes de que surjan los problemas, de lo contrario es inevitable que aumenten los costos, se pierda tiempo, y se profundice el sufrimiento y persecuci\u00f3n\u201d.<\/p>\n\n\n\n<p>Durante su participaci\u00f3n, Erdo\u011fan subray\u00f3 la necesidad de crear nuevos paradigmas en la diplomacia para realizar proyectos que lideren el \u00e1mbito internacional.<\/p>\n\n\n\n<p>Asimismo, exhort\u00f3 a los l\u00edderes de las naciones a enfocar la diplomacia \u201cpara cambiar, transformarse y considerarse luz de las experiencias vividas, adem\u00e1s de la capacidad para resolver los problemas; la diplomacia debe utilizarse m\u00e1s para prevenir problemas y evitar tensiones\u201d.<\/p>\n\n\n\n<p>Destac\u00f3 la importancia de desarrollar elementos que permitan la innovaci\u00f3n y emprendimiento de la diplomacia, \u201csin rechazar la experiencia del pasado\u201d, al tiempo que resalt\u00f3 la reconstrucci\u00f3n de la diplomacia para complementar \u201cnuevos horizontes en el \u00e1mbito internacional\u201d.<\/p>\n\n\n\n<p>Erdo\u011fan invit\u00f3 a los delegados y asistentes al Foro a debatir los temas cr\u00edticos sobre la regi\u00f3n y el mundo con el prop\u00f3sito de generar nuevas iniciativas, propuestas e ideas sobre la diplomacia.<\/p>\n\n\n\n<p><strong>Venezuela presente en Foro Diplom\u00e1tico<\/strong><\/p>\n\n\n\n<p>En representaci\u00f3n de Venezuela, la vicepresidenta de la Rep\u00fablica, Delcy Rodr\u00edguez, y el canciller de la Rep\u00fablica, F\u00e9lix Plasencia, asistieron a la instalaci\u00f3n del II Foro Diplom\u00e1tico de Antalya, que congrega a seis Jefes de Estado, 58 ministros, cinco viceministros y 35 organizaciones internacionales, adem\u00e1s de invitados especiales, parlamentarios y expresidentes que debatir\u00e1n alrededor de 20 temas de inter\u00e9s diplom\u00e1tico, pol\u00edtico e internacional.<\/p>\n\n\n\n<p><strong>Prensa Presidencial\/Joelin Jim\u00e9nez<\/strong><\/p>\n","protected":false},"excerpt":{"rendered":"<p>Antalya, Turqu\u00eda.- Al asegurar que la diplomacia debe utilizarse como mecanismo para establecer la paz en mundo, el presidente de la Rep\u00fablica de Turqu\u00eda, Recep Tayyip Erdo\u011fan, inaugur\u00f3 el Foro Diplom\u00e1tico de Antalya (ADF) 2022, que se realiza en Antalya del 11 al 13 de marzo bajo el lema \u201cRecodificaci\u00f3n de la diplomacia\u00bb. El Jefe [&hellip;]<\/p>\n","protected":false},"author":6,"featured_media":1449,"comment_status":"open","ping_status":"open","sticky":false,"template":"","format":"standard","meta":{"footnotes":""},"categories":[7],"tags":[],"class_list":["post-1448","post","type-post","status-publish","format-standard","has-post-thumbnail","hentry","category-notas-de-prensa"],"_links":{"self":[{"href":"https:\/\/prensapresidencialvenezuela.gob.ve\/index.php\/wp-json\/wp\/v2\/posts\/1448","targetHints":{"allow":["GET"]}}],"collection":[{"href":"https:\/\/prensapresidencialvenezuela.gob.ve\/index.php\/wp-json\/wp\/v2\/posts"}],"about":[{"href":"https:\/\/prensapresidencialvenezuela.gob.ve\/index.php\/wp-json\/wp\/v2\/types\/post"}],"author":[{"embeddable":true,"href":"https:\/\/prensapresidencialvenezuela.gob.ve\/index.php\/wp-json\/wp\/v2\/users\/6"}],"replies":[{"embeddable":true,"href":"https:\/\/prensapresidencialvenezuela.gob.ve\/index.php\/wp-json\/wp\/v2\/comments?post=1448"}],"version-history":[{"count":1,"href":"https:\/\/prensapresidencialvenezuela.gob.ve\/index.php\/wp-json\/wp\/v2\/posts\/1448\/revisions"}],"predecessor-version":[{"id":1450,"href":"https:\/\/prensapresidencialvenezuela.gob.ve\/index.php\/wp-json\/wp\/v2\/posts\/1448\/revisions\/1450"}],"wp:featuredmedia":[{"embeddable":true,"href":"https:\/\/prensapresidencialvenezuela.gob.ve\/index.php\/wp-json\/wp\/v2\/media\/1449"}],"wp:attachment":[{"href":"https:\/\/prensapresidencialvenezuela.gob.ve\/index.php\/wp-json\/wp\/v2\/media?parent=1448"}],"wp:term":[{"taxonomy":"category","embeddable":true,"href":"https:\/\/prensapresidencialvenezuela.gob.ve\/index.php\/wp-json\/wp\/v2\/categories?post=1448"},{"taxonomy":"post_tag","embeddable":true,"href":"https:\/\/prensapresidencialvenezuela.gob.ve\/index.php\/wp-json\/wp\/v2\/tags?post=1448"}],"curies":[{"name":"wp","href":"https:\/\/api.w.org\/{rel}","templated":true}]}}