{"id":1451,"date":"2022-03-11T15:01:00","date_gmt":"2022-03-11T15:01:00","guid":{"rendered":"http:\/\/172.27.0.121\/?p=1451"},"modified":"2022-06-09T15:03:40","modified_gmt":"2022-06-09T15:03:40","slug":"venezuela-exhorta-al-dialogo-sincero-para-resolucion-de-conflicto-entre-rusia-y-ucrania","status":"publish","type":"post","link":"https:\/\/prensapresidencialvenezuela.gob.ve\/index.php\/2022\/03\/11\/venezuela-exhorta-al-dialogo-sincero-para-resolucion-de-conflicto-entre-rusia-y-ucrania\/","title":{"rendered":"Venezuela exhorta al di\u00e1logo sincero para resoluci\u00f3n de conflicto entre Rusia y Ucrania"},"content":{"rendered":"\n<p><strong>Antalya, Turqu\u00eda.- <\/strong>Desde el II Foro Diplom\u00e1tico de Antalya, realizado en Turqu\u00eda, la vicepresidenta de la Rep\u00fablica, Delcy Rodr\u00edguez, convoc\u00f3 a las partes involucradas en el conflicto entre Rusia y Ucrania a iniciar un di\u00e1logo sincero que derive en una soluci\u00f3n pac\u00edfica.<\/p>\n\n\n\n<p>Al reiterar que \u201cVenezuela se suma a las voces que piden una soluci\u00f3n dialogada\u201d, puntualiz\u00f3 que Estados Unidos, Europa y la Organizaci\u00f3n del Tratado del Atl\u00e1ntico Norte (OTAN)&nbsp; \u201cest\u00e1n llamados a restablecer los equilibrios para aliviar las horas de angustia y padecimiento que empiezan a tener efectos en el orden global\u201d.<\/p>\n\n\n\n<p>Durante la ponencia denominada \u201cMultilateralismo para la paz y la estabilidad\u201d, Rodr\u00edguez se\u00f1al\u00f3 la necesidad de \u201cevitar sufrimientos a los pueblos de las partes involucradas\u201d.<\/p>\n\n\n\n<p>En este sentido, exhort\u00f3 a los l\u00edderes europeos a extender llamados responsables que favorezcan la diplomacia y el di\u00e1logo activo con una de las partes en conflicto, \u00aben lugar de pedir vitales sacrificios a los pueblos\u201d en referencia a la solicitud dirigida a los pueblos europeos de disminuir la dependencia de gas ruso.<\/p>\n\n\n\n<p>\u201cNadie, enti\u00e9ndase bien, ganar\u00e1 en este conflicto. Pasamos d\u00e9cadas imponiendo el capitalismo globalizado y, en estas horas decisivas por la paz, se pide desglobalizar en aras de resistir en un modelo que ya no tiene cabida\u201d, enfatiz\u00f3.<\/p>\n\n\n\n<p>En representaci\u00f3n de Venezuela, Rodr\u00edguez salud\u00f3 los esfuerzos del II Foro Diplom\u00e1tico de Antalya de acercar las partes en conflicto en funci\u00f3n del di\u00e1logo efectivo.<\/p>\n\n\n\n<p><strong>Prensa Presidencial\/Karelis Gonz\u00e1lez<\/strong><\/p>\n","protected":false},"excerpt":{"rendered":"<p>Antalya, Turqu\u00eda.- Desde el II Foro Diplom\u00e1tico de Antalya, realizado en Turqu\u00eda, la vicepresidenta de la Rep\u00fablica, Delcy Rodr\u00edguez, convoc\u00f3 a las partes involucradas en el conflicto entre Rusia y Ucrania a iniciar un di\u00e1logo sincero que derive en una soluci\u00f3n pac\u00edfica. Al reiterar que \u201cVenezuela se suma a las voces que piden una soluci\u00f3n [&hellip;]<\/p>\n","protected":false},"author":6,"featured_media":1452,"comment_status":"open","ping_status":"open","sticky":false,"template":"","format":"standard","meta":{"footnotes":""},"categories":[7],"tags":[],"class_list":["post-1451","post","type-post","status-publish","format-standard","has-post-thumbnail","hentry","category-notas-de-prensa"],"_links":{"self":[{"href":"https:\/\/prensapresidencialvenezuela.gob.ve\/index.php\/wp-json\/wp\/v2\/posts\/1451","targetHints":{"allow":["GET"]}}],"collection":[{"href":"https:\/\/prensapresidencialvenezuela.gob.ve\/index.php\/wp-json\/wp\/v2\/posts"}],"about":[{"href":"https:\/\/prensapresidencialvenezuela.gob.ve\/index.php\/wp-json\/wp\/v2\/types\/post"}],"author":[{"embeddable":true,"href":"https:\/\/prensapresidencialvenezuela.gob.ve\/index.php\/wp-json\/wp\/v2\/users\/6"}],"replies":[{"embeddable":true,"href":"https:\/\/prensapresidencialvenezuela.gob.ve\/index.php\/wp-json\/wp\/v2\/comments?post=1451"}],"version-history":[{"count":2,"href":"https:\/\/prensapresidencialvenezuela.gob.ve\/index.php\/wp-json\/wp\/v2\/posts\/1451\/revisions"}],"predecessor-version":[{"id":1454,"href":"https:\/\/prensapresidencialvenezuela.gob.ve\/index.php\/wp-json\/wp\/v2\/posts\/1451\/revisions\/1454"}],"wp:featuredmedia":[{"embeddable":true,"href":"https:\/\/prensapresidencialvenezuela.gob.ve\/index.php\/wp-json\/wp\/v2\/media\/1452"}],"wp:attachment":[{"href":"https:\/\/prensapresidencialvenezuela.gob.ve\/index.php\/wp-json\/wp\/v2\/media?parent=1451"}],"wp:term":[{"taxonomy":"category","embeddable":true,"href":"https:\/\/prensapresidencialvenezuela.gob.ve\/index.php\/wp-json\/wp\/v2\/categories?post=1451"},{"taxonomy":"post_tag","embeddable":true,"href":"https:\/\/prensapresidencialvenezuela.gob.ve\/index.php\/wp-json\/wp\/v2\/tags?post=1451"}],"curies":[{"name":"wp","href":"https:\/\/api.w.org\/{rel}","templated":true}]}}