{"id":14591,"date":"2024-11-04T23:24:24","date_gmt":"2024-11-05T03:24:24","guid":{"rendered":"https:\/\/prensapresidencialvenezuela.gob.ve\/?p=14591"},"modified":"2024-11-04T23:24:25","modified_gmt":"2024-11-05T03:24:25","slug":"entregados-totalmente-recuperados-los-liceos-diego-vallenilla-y-luis-beltran-sanabria","status":"publish","type":"post","link":"https:\/\/prensapresidencialvenezuela.gob.ve\/index.php\/2024\/11\/04\/entregados-totalmente-recuperados-los-liceos-diego-vallenilla-y-luis-beltran-sanabria\/","title":{"rendered":"Entregados totalmente recuperados los liceos Diego Vallenilla y Luis Beltr\u00e1n Sanabria"},"content":{"rendered":"\n<p><strong>Palacio de Miraflores, Caracas.-<\/strong>&nbsp; Durante la emisi\u00f3n del programa Con Maduro + fueron entregados totalmente rehabilitados los liceos UEB. Diego Vallenilla y Luis Beltr\u00e1n Sanabria ubicados en Cumanacoa, en el estado Sucre; ambas instituciones fueron severamente afectadas por la crecida del r\u00edo Manzanares el pasado 2 de julio.<\/p>\n\n\n\n<p>Por medio de un enlace televisado por el canal del Estado VTV, el M\/G Lockiby Belmontes, Autoridad \u00danica de Cumanacoa, detall\u00f3 que las Bricomiles fueron clave en la recuperaci\u00f3n de estas instituciones.<\/p>\n\n\n\n<p>Los trabajos realizados fueron enfocados en restauraci\u00f3n de la estructura, acondicionamiento de las areas recreativas, deportivas y ornamentales, dotaci\u00f3n de inmobiliaria educativa que beneficiara a una poblaci\u00f3n estudiantil de m\u00e1s de mil quinientos estudiantes.<\/p>\n\n\n\n<p>\u201c(\u2026) agradecimiento es lo que este pueblo siente por usted \u2013presidente Nicol\u00e1s Maduro-&nbsp; y amor con amor se paga, el pueblo nunca se sinti\u00f3 solo y usted sabiamente llevando, dirigiendo directamente el Plan para el Renacer de Cumanacoa Hugo Ch\u00e1vez, ha hecho posible esto\u201d, resalt\u00f3 Lockiby.<\/p>\n\n\n\n<p>Por su parte, el presidente Nicol\u00e1s Maduro destac\u00f3 que este logr\u00f3 fue gracias a la perseverancia y la buena voluntad del pueblo y orient\u00f3 a estar atentos siempre frente a circunstancias clim\u00e1ticas &nbsp;como esta que afect\u00f3 Cumanacoa.<\/p>\n\n\n\n<p>En ese sentido, el Jefe de Estado venezolano ratific\u00f3 su mano de apoyo al pueblo espa\u00f1ol.<\/p>\n\n\n\n<p>\u201c(\u2026) reitero y ratifico nuestra voluntad m\u00e1xima de ayudar a Espa\u00f1a, a Valencia con nuestra fuerza de tarea humanitaria y la experiencia que tenemos para poder llevarle al pueblo espa\u00f1ol un poco de alivio con el amor y la solidaridad del pueblo venezolano\u201d, subray\u00f3.<\/p>\n\n\n\n<p><strong>Prensa Presidencial \/ Eduardo Hueck<\/strong><\/p>\n","protected":false},"excerpt":{"rendered":"<p>Palacio de Miraflores, Caracas.-&nbsp; Durante la emisi\u00f3n del programa Con Maduro + fueron entregados totalmente rehabilitados los liceos UEB. Diego Vallenilla y Luis Beltr\u00e1n Sanabria ubicados en Cumanacoa, en el estado Sucre; ambas instituciones fueron severamente afectadas por la crecida del r\u00edo Manzanares el pasado 2 de julio. Por medio de un enlace televisado por [&hellip;]<\/p>\n","protected":false},"author":1,"featured_media":14592,"comment_status":"open","ping_status":"open","sticky":false,"template":"","format":"standard","meta":{"footnotes":""},"categories":[18,7],"tags":[566,477,897],"class_list":["post-14591","post","type-post","status-publish","format-standard","has-post-thumbnail","hentry","category-noticias-principales","category-notas-de-prensa","tag-entrega","tag-gobierno","tag-liceos"],"_links":{"self":[{"href":"https:\/\/prensapresidencialvenezuela.gob.ve\/index.php\/wp-json\/wp\/v2\/posts\/14591","targetHints":{"allow":["GET"]}}],"collection":[{"href":"https:\/\/prensapresidencialvenezuela.gob.ve\/index.php\/wp-json\/wp\/v2\/posts"}],"about":[{"href":"https:\/\/prensapresidencialvenezuela.gob.ve\/index.php\/wp-json\/wp\/v2\/types\/post"}],"author":[{"embeddable":true,"href":"https:\/\/prensapresidencialvenezuela.gob.ve\/index.php\/wp-json\/wp\/v2\/users\/1"}],"replies":[{"embeddable":true,"href":"https:\/\/prensapresidencialvenezuela.gob.ve\/index.php\/wp-json\/wp\/v2\/comments?post=14591"}],"version-history":[{"count":1,"href":"https:\/\/prensapresidencialvenezuela.gob.ve\/index.php\/wp-json\/wp\/v2\/posts\/14591\/revisions"}],"predecessor-version":[{"id":14593,"href":"https:\/\/prensapresidencialvenezuela.gob.ve\/index.php\/wp-json\/wp\/v2\/posts\/14591\/revisions\/14593"}],"wp:featuredmedia":[{"embeddable":true,"href":"https:\/\/prensapresidencialvenezuela.gob.ve\/index.php\/wp-json\/wp\/v2\/media\/14592"}],"wp:attachment":[{"href":"https:\/\/prensapresidencialvenezuela.gob.ve\/index.php\/wp-json\/wp\/v2\/media?parent=14591"}],"wp:term":[{"taxonomy":"category","embeddable":true,"href":"https:\/\/prensapresidencialvenezuela.gob.ve\/index.php\/wp-json\/wp\/v2\/categories?post=14591"},{"taxonomy":"post_tag","embeddable":true,"href":"https:\/\/prensapresidencialvenezuela.gob.ve\/index.php\/wp-json\/wp\/v2\/tags?post=14591"}],"curies":[{"name":"wp","href":"https:\/\/api.w.org\/{rel}","templated":true}]}}