{"id":1464,"date":"2022-03-11T15:09:00","date_gmt":"2022-03-11T15:09:00","guid":{"rendered":"http:\/\/172.27.0.121\/?p=1464"},"modified":"2022-06-09T15:12:56","modified_gmt":"2022-06-09T15:12:56","slug":"venezuela-ratifica-compromiso-con-el-acuerdo-de-la-opep-plus","status":"publish","type":"post","link":"https:\/\/prensapresidencialvenezuela.gob.ve\/index.php\/2022\/03\/11\/venezuela-ratifica-compromiso-con-el-acuerdo-de-la-opep-plus\/","title":{"rendered":"Venezuela ratifica compromiso con el acuerdo de la OPEP Plus"},"content":{"rendered":"\n<p><strong>Antalya, Turqu\u00eda.- <\/strong>\u201cDe no existir bloqueo este no ser\u00eda el nivel de producci\u00f3n \u2013 de petr\u00f3leo- de Venezuela, as\u00ed que por supuesto que nosotros nos mantenemos en el acuerdo de la OPEP Plus\u201d.<\/p>\n\n\n\n<p>Las palabras corresponden a la vicepresidenta de la Rep\u00fablica Bolivariana de Venezuela, durante la segunda edici\u00f3n del Foro Diplom\u00e1tico de Antalya, en Turqu\u00eda, ratificando el compromiso con los acuerdos que se han establecido en la Organizaci\u00f3n de Pa\u00edses Exportadores de Petr\u00f3leo y sus aliados.<\/p>\n\n\n\n<p>\u201cVenezuela es un ferviente responsable defensor de los espacios y acuerdos internacionales\u201d, subray\u00f3.<\/p>\n\n\n\n<p>Rodr\u00edguez, al rememorar c\u00f3mo la administraci\u00f3n estadounidense del ex presidente Barack Obama \u201cutiliz\u00f3 el petr\u00f3leo como arma geopol\u00edtica\u201d, recalc\u00f3 que la naci\u00f3n venezolana en sus m\u00faltiples esfuerzos por la concreci\u00f3n de alianzas y avances \u201cfue un precursor del acuerdo OPEP Plus\u201d.<\/p>\n\n\n\n<p>Asimismo, hizo \u00e9nfasis en que las \u201cmedidas coercitivas y unilaterales y en un bloqueo ileg\u00edtimo contra el pa\u00eds, ha afectado seriamente su producci\u00f3n\u201d, causando que los ingresos en divisas bajaran \u201cde 65.000 millones de d\u00f3lares al a\u00f1o a 740 millones en el a\u00f1o 2020\u201d, detall\u00f3.<\/p>\n\n\n\n<p><strong>Prensa Presidencial\/Eduardo Hueck<\/strong><\/p>\n","protected":false},"excerpt":{"rendered":"<p>Antalya, Turqu\u00eda.- \u201cDe no existir bloqueo este no ser\u00eda el nivel de producci\u00f3n \u2013 de petr\u00f3leo- de Venezuela, as\u00ed que por supuesto que nosotros nos mantenemos en el acuerdo de la OPEP Plus\u201d. Las palabras corresponden a la vicepresidenta de la Rep\u00fablica Bolivariana de Venezuela, durante la segunda edici\u00f3n del Foro Diplom\u00e1tico de Antalya, en [&hellip;]<\/p>\n","protected":false},"author":6,"featured_media":1465,"comment_status":"open","ping_status":"open","sticky":false,"template":"","format":"standard","meta":{"footnotes":""},"categories":[7],"tags":[],"class_list":["post-1464","post","type-post","status-publish","format-standard","has-post-thumbnail","hentry","category-notas-de-prensa"],"_links":{"self":[{"href":"https:\/\/prensapresidencialvenezuela.gob.ve\/index.php\/wp-json\/wp\/v2\/posts\/1464","targetHints":{"allow":["GET"]}}],"collection":[{"href":"https:\/\/prensapresidencialvenezuela.gob.ve\/index.php\/wp-json\/wp\/v2\/posts"}],"about":[{"href":"https:\/\/prensapresidencialvenezuela.gob.ve\/index.php\/wp-json\/wp\/v2\/types\/post"}],"author":[{"embeddable":true,"href":"https:\/\/prensapresidencialvenezuela.gob.ve\/index.php\/wp-json\/wp\/v2\/users\/6"}],"replies":[{"embeddable":true,"href":"https:\/\/prensapresidencialvenezuela.gob.ve\/index.php\/wp-json\/wp\/v2\/comments?post=1464"}],"version-history":[{"count":1,"href":"https:\/\/prensapresidencialvenezuela.gob.ve\/index.php\/wp-json\/wp\/v2\/posts\/1464\/revisions"}],"predecessor-version":[{"id":1466,"href":"https:\/\/prensapresidencialvenezuela.gob.ve\/index.php\/wp-json\/wp\/v2\/posts\/1464\/revisions\/1466"}],"wp:featuredmedia":[{"embeddable":true,"href":"https:\/\/prensapresidencialvenezuela.gob.ve\/index.php\/wp-json\/wp\/v2\/media\/1465"}],"wp:attachment":[{"href":"https:\/\/prensapresidencialvenezuela.gob.ve\/index.php\/wp-json\/wp\/v2\/media?parent=1464"}],"wp:term":[{"taxonomy":"category","embeddable":true,"href":"https:\/\/prensapresidencialvenezuela.gob.ve\/index.php\/wp-json\/wp\/v2\/categories?post=1464"},{"taxonomy":"post_tag","embeddable":true,"href":"https:\/\/prensapresidencialvenezuela.gob.ve\/index.php\/wp-json\/wp\/v2\/tags?post=1464"}],"curies":[{"name":"wp","href":"https:\/\/api.w.org\/{rel}","templated":true}]}}