{"id":14770,"date":"2024-11-11T21:04:41","date_gmt":"2024-11-12T01:04:41","guid":{"rendered":"https:\/\/prensapresidencialvenezuela.gob.ve\/?p=14770"},"modified":"2024-11-11T22:57:00","modified_gmt":"2024-11-12T02:57:00","slug":"presidente-maduro-venezuela-ha-acelerado-su-llegada-comercial-a-los-mercados-chinos-y-no-nos-para-nadie","status":"publish","type":"post","link":"https:\/\/prensapresidencialvenezuela.gob.ve\/index.php\/2024\/11\/11\/presidente-maduro-venezuela-ha-acelerado-su-llegada-comercial-a-los-mercados-chinos-y-no-nos-para-nadie\/","title":{"rendered":"Presidente Maduro: \u00abVenezuela ha acelerado su llegada comercial a los mercados chinos y no nos para nadie\u00bb"},"content":{"rendered":"\n<p><strong>Palacio de Miraflores, Caracas.-<\/strong> El presidente de la Rep\u00fablica Bolivariana de Venezuela, Nicol\u00e1s Maduro, hizo referencia a la gran aceptaci\u00f3n de los camaroneros venezolanos en el mercado chino, a prop\u00f3sito de la participaci\u00f3n de la delegaci\u00f3n venezolana en la VII Feria Internacional de Importaciones de la Rep\u00fablica Popular China, en Shangh\u00e1i, que se realiz\u00f3 desde el 5 al 10 de noviembre.<\/p>\n\n\n\n<p><a><\/a>\u00abUstedes vieron, ah\u00ed est\u00e1n las im\u00e1genes, las im\u00e1genes son inocultables. Venezuela ha acelerado su llegada comercial a los mercados chinos y no nos para nadie. Aqu\u00ed est\u00e1bamos con Rusia, trabajando y all\u00e1 est\u00e1bamos en la China con los productos. Rusia, China, India, Brasil, somos los BRICS. Afortunadamente en la pr\u00e1ctica, somos los BRICS\u00bb, dijo en su programa <em>Con Maduro +.<\/em><\/p>\n\n\n\n<p>Adem\u00e1s, el jefe de Estado se\u00f1al\u00f3 que las im\u00e1genes que se han transmitido por los medios de comunicaci\u00f3n son muy evidentes y que el intercambio comercial China-Venezuela se ha incrementado a grandes niveles, siendo muestra de la gran evoluci\u00f3n de la cooperaci\u00f3n bilateral.<\/p>\n\n\n\n<p>\u00abDe todos los importadores, de China ha habido largas colas para entrar al <em>stand<\/em> de Venezuela. Por eso Venezuela est\u00e1 de moda en el mundo. Y adem\u00e1s estamos de moda en la China (\u2026) Colocamos m\u00e1s de 120 productos. Fueron los venezolanos, m\u00e1s de setenta empresarios con oferta exportable de calidad, fueron el centro de atenci\u00f3n de todos los importadores de China\u00bb.<\/p>\n\n\n\n<p>\u00abEn China nos quieren, nos quieren de verdad; pero adem\u00e1s nos quieren ayudar. Nos quieren doblemente (\u2026) empezando por mi hermano Xi Jinping, presidente de la Rep\u00fablica Popular China\u00bb, detall\u00f3 el presidente Maduro.<\/p>\n\n\n\n<p>Asimismo, el Mandatario nacional subray\u00f3 que la Rep\u00fablica Bolivariana de Venezuela estuvo representada por una delegaci\u00f3n encabezada por el ministro Juan Carlos Loyo, la presidenta de Marca Pa\u00eds y de la Asociaci\u00f3n de Exportaci\u00f3n venezolana, Daniela Cabello.<\/p>\n\n\n\n<p><strong>Prensa presidencial \/ Geraldine Quintero<\/strong><\/p>\n","protected":false},"excerpt":{"rendered":"<p>Palacio de Miraflores, Caracas.- El presidente de la Rep\u00fablica Bolivariana de Venezuela, Nicol\u00e1s Maduro, hizo referencia a la gran aceptaci\u00f3n de los camaroneros venezolanos en el mercado chino, a prop\u00f3sito de la participaci\u00f3n de la delegaci\u00f3n venezolana en la VII Feria Internacional de Importaciones de la Rep\u00fablica Popular China, en Shangh\u00e1i, que se realiz\u00f3 desde [&hellip;]<\/p>\n","protected":false},"author":1,"featured_media":14771,"comment_status":"open","ping_status":"open","sticky":false,"template":"","format":"standard","meta":{"footnotes":""},"categories":[18,7],"tags":[1047,31,20],"class_list":["post-14770","post","type-post","status-publish","format-standard","has-post-thumbnail","hentry","category-noticias-principales","category-notas-de-prensa","tag-camaroneros","tag-china","tag-venezuela"],"_links":{"self":[{"href":"https:\/\/prensapresidencialvenezuela.gob.ve\/index.php\/wp-json\/wp\/v2\/posts\/14770","targetHints":{"allow":["GET"]}}],"collection":[{"href":"https:\/\/prensapresidencialvenezuela.gob.ve\/index.php\/wp-json\/wp\/v2\/posts"}],"about":[{"href":"https:\/\/prensapresidencialvenezuela.gob.ve\/index.php\/wp-json\/wp\/v2\/types\/post"}],"author":[{"embeddable":true,"href":"https:\/\/prensapresidencialvenezuela.gob.ve\/index.php\/wp-json\/wp\/v2\/users\/1"}],"replies":[{"embeddable":true,"href":"https:\/\/prensapresidencialvenezuela.gob.ve\/index.php\/wp-json\/wp\/v2\/comments?post=14770"}],"version-history":[{"count":2,"href":"https:\/\/prensapresidencialvenezuela.gob.ve\/index.php\/wp-json\/wp\/v2\/posts\/14770\/revisions"}],"predecessor-version":[{"id":14796,"href":"https:\/\/prensapresidencialvenezuela.gob.ve\/index.php\/wp-json\/wp\/v2\/posts\/14770\/revisions\/14796"}],"wp:featuredmedia":[{"embeddable":true,"href":"https:\/\/prensapresidencialvenezuela.gob.ve\/index.php\/wp-json\/wp\/v2\/media\/14771"}],"wp:attachment":[{"href":"https:\/\/prensapresidencialvenezuela.gob.ve\/index.php\/wp-json\/wp\/v2\/media?parent=14770"}],"wp:term":[{"taxonomy":"category","embeddable":true,"href":"https:\/\/prensapresidencialvenezuela.gob.ve\/index.php\/wp-json\/wp\/v2\/categories?post=14770"},{"taxonomy":"post_tag","embeddable":true,"href":"https:\/\/prensapresidencialvenezuela.gob.ve\/index.php\/wp-json\/wp\/v2\/tags?post=14770"}],"curies":[{"name":"wp","href":"https:\/\/api.w.org\/{rel}","templated":true}]}}