{"id":14773,"date":"2024-11-11T21:36:22","date_gmt":"2024-11-12T01:36:22","guid":{"rendered":"https:\/\/prensapresidencialvenezuela.gob.ve\/?p=14773"},"modified":"2024-11-11T21:36:23","modified_gmt":"2024-11-12T01:36:23","slug":"venezuela-y-colombia-consolidan-nuevo-camino-de-integracion-economica","status":"publish","type":"post","link":"https:\/\/prensapresidencialvenezuela.gob.ve\/index.php\/2024\/11\/11\/venezuela-y-colombia-consolidan-nuevo-camino-de-integracion-economica\/","title":{"rendered":"Venezuela y Colombia consolidan nuevo camino de integraci\u00f3n econ\u00f3mica"},"content":{"rendered":"\n<p><strong>Palacio de Miraflores, Caracas.-<\/strong> El presidente de la Rep\u00fablica Bolivariana de Venezuela, Nicol\u00e1s Maduro Moros, inform\u00f3 que el comercio con Colombia ha crecido exponencialmente y superar\u00e1 los mil millones de d\u00f3lares; lo que ha permitido el crecimiento de la oferta exportable de Venezuela hacia Colombia.<\/p>\n\n\n\n<p>Estas declaraciones se generaron durante su programa <em>Con Maduro +<\/em>, en el segmento \u00abZona Digital\u00bb, en donde asegur\u00f3 que se est\u00e1n construyendo relaciones buenas, productivas y estables entre Colombia y Venezuela, en materia de inversiones, comercio y econom\u00eda.<\/p>\n\n\n\n<p>\u00abLos inversionistas colombianos est\u00e1n invirtiendo en la econom\u00eda venezolana para aliarse con empresarios venezolanos. Eso es un buen s\u00edntoma\u00bb, puntualiz\u00f3 el Presidente respecto al incremento de las relaciones comerciales entre las naciones hermanas.<\/p>\n\n\n\n<p>Adem\u00e1s, agreg\u00f3 que la a econom\u00eda venezolana \u00abes nuestro modelo, nuestra capacidad, nuestro esfuerzo. No podemos esperar nada, sino de nosotros mismos\u00bb; esto con referencia al logro que ha obtenido la naci\u00f3n venezolana a pesar de las amenazas y sanciones que se han generado por parte de la derecha extremista nacional e internacional.<\/p>\n\n\n\n<p>Por \u00faltimo, se\u00f1al\u00f3 que siempre le ha manifestado al presidente de Colombia, Gustavo Petro, que mientras Venezuela y Colombia mantengan las \u00abfronteras abiertas, los empresarios y pueblos est\u00e9n unidos, se lograr\u00e1n consolidar el nuevo camino de integraci\u00f3n econ\u00f3mica\u00bb.<\/p>\n\n\n\n<p><strong>Prensa Presidencial\/ Irmary D\u00edaz.<\/strong><\/p>\n","protected":false},"excerpt":{"rendered":"<p>Palacio de Miraflores, Caracas.- El presidente de la Rep\u00fablica Bolivariana de Venezuela, Nicol\u00e1s Maduro Moros, inform\u00f3 que el comercio con Colombia ha crecido exponencialmente y superar\u00e1 los mil millones de d\u00f3lares; lo que ha permitido el crecimiento de la oferta exportable de Venezuela hacia Colombia. Estas declaraciones se generaron durante su programa Con Maduro +, [&hellip;]<\/p>\n","protected":false},"author":1,"featured_media":14774,"comment_status":"open","ping_status":"open","sticky":false,"template":"","format":"standard","meta":{"footnotes":""},"categories":[18,7],"tags":[40,1048,20],"class_list":["post-14773","post","type-post","status-publish","format-standard","has-post-thumbnail","hentry","category-noticias-principales","category-notas-de-prensa","tag-colombia","tag-integracion","tag-venezuela"],"_links":{"self":[{"href":"https:\/\/prensapresidencialvenezuela.gob.ve\/index.php\/wp-json\/wp\/v2\/posts\/14773","targetHints":{"allow":["GET"]}}],"collection":[{"href":"https:\/\/prensapresidencialvenezuela.gob.ve\/index.php\/wp-json\/wp\/v2\/posts"}],"about":[{"href":"https:\/\/prensapresidencialvenezuela.gob.ve\/index.php\/wp-json\/wp\/v2\/types\/post"}],"author":[{"embeddable":true,"href":"https:\/\/prensapresidencialvenezuela.gob.ve\/index.php\/wp-json\/wp\/v2\/users\/1"}],"replies":[{"embeddable":true,"href":"https:\/\/prensapresidencialvenezuela.gob.ve\/index.php\/wp-json\/wp\/v2\/comments?post=14773"}],"version-history":[{"count":1,"href":"https:\/\/prensapresidencialvenezuela.gob.ve\/index.php\/wp-json\/wp\/v2\/posts\/14773\/revisions"}],"predecessor-version":[{"id":14775,"href":"https:\/\/prensapresidencialvenezuela.gob.ve\/index.php\/wp-json\/wp\/v2\/posts\/14773\/revisions\/14775"}],"wp:featuredmedia":[{"embeddable":true,"href":"https:\/\/prensapresidencialvenezuela.gob.ve\/index.php\/wp-json\/wp\/v2\/media\/14774"}],"wp:attachment":[{"href":"https:\/\/prensapresidencialvenezuela.gob.ve\/index.php\/wp-json\/wp\/v2\/media?parent=14773"}],"wp:term":[{"taxonomy":"category","embeddable":true,"href":"https:\/\/prensapresidencialvenezuela.gob.ve\/index.php\/wp-json\/wp\/v2\/categories?post=14773"},{"taxonomy":"post_tag","embeddable":true,"href":"https:\/\/prensapresidencialvenezuela.gob.ve\/index.php\/wp-json\/wp\/v2\/tags?post=14773"}],"curies":[{"name":"wp","href":"https:\/\/api.w.org\/{rel}","templated":true}]}}