{"id":14902,"date":"2024-11-17T19:35:07","date_gmt":"2024-11-17T23:35:07","guid":{"rendered":"https:\/\/prensapresidencialvenezuela.gob.ve\/?p=14902"},"modified":"2024-11-17T19:35:08","modified_gmt":"2024-11-17T23:35:08","slug":"presidente-se-reunira-con-representantes-de-los-poderes-publicos-de-cara-a-las-elecciones-del-15-d","status":"publish","type":"post","link":"https:\/\/prensapresidencialvenezuela.gob.ve\/index.php\/2024\/11\/17\/presidente-se-reunira-con-representantes-de-los-poderes-publicos-de-cara-a-las-elecciones-del-15-d\/","title":{"rendered":"Presidente se reunir\u00e1 con representantes de los Poderes P\u00fablicos de cara a las elecciones del 15-D \u00a0\u00a0"},"content":{"rendered":"\n<p><strong>Cuartel de la Monta\u00f1a 4F, Caracas .\u2013<\/strong> El presidente de la Rep\u00fablica Bolivariana de Venezuela, Nicol\u00e1s Maduro, convoc\u00f3 a los Poderes P\u00fablicos de la Naci\u00f3n a una reuni\u00f3n programada para este lunes en horas del mediod\u00eda, para debatir los detalles del proceso electoral pautado para el 15 de diciembre.<\/p>\n\n\n\n<p>\u201cVenezuela el 15 de diciembre, tendr\u00e1 nuevas elecciones, elecciones en los circuitos comunales, 5 mil territorios de jueces de paz y convoco para el lunes al mediod\u00eda la reuni\u00f3n de los cinco Poderes Constitucionales: el Poder Legislativo, el Poder Judicial, primordial para esta gran tarea de justicia, El Poder Electoral, el Poder Ciudadano y como Jefe de Estado, Jefe de Gobierno, el Poder Ejecutivo, m\u00e1s el Poder Popular, m\u00e1s el poder militar\u201d, convoc\u00f3.<\/p>\n\n\n\n<p>Desde el Cuartel de la Monta\u00f1a, el presidente Maduro inform\u00f3 que los jueces y juezas de paz ser\u00e1n elegidos por votaci\u00f3n universal directa y secreta, marcando un paso importante hacia la participaci\u00f3n ciudadana en la justicia.<\/p>\n\n\n\n<p>Asimismo, el Mandatario mencion\u00f3 que la ley ya ha sido \u201creformada, perfeccionada y aprobada\u201d, y emplaz\u00f3 a los ciudadanos a participar en las elecciones populares que se llevar\u00e1n a cabo el pr\u00f3ximo 15 de diciembre.<\/p>\n\n\n\n<p>\u201cVamos a elecciones populares de base para elegir los jueces de paz en los cinco mil circuitos comunales del pa\u00eds\u201d, afirm\u00f3.<\/p>\n\n\n\n<p>\u201cEsto es una acci\u00f3n fundamental para finalizar el a\u00f1o\u201d, subray\u00f3 el Dignatario, quien tambi\u00e9n se refiri\u00f3 a esta propuesta surgida del Congreso del Bloque Hist\u00f3rico como \u201cfabulosa\u201d.<\/p>\n\n\n\n<p>Por su parte, el presidente de la Asamblea Nacional, Jorge Rodr\u00edguez, explic\u00f3 que se \u201cdesarrolla lo que el Constituyente -del a\u00f1o 1999- y el comandante Hugo Ch\u00e1vez establecieron en el art\u00edculo 258 de nuestra Constituci\u00f3n\u201d.<\/p>\n\n\n\n<p>Rodr\u00edguez enfatiz\u00f3 que este nuevo enfoque permitir\u00e1 que \u201cel pueblo sienta la justicia directamente en su casa, directamente en su comunidad\u201d.<\/p>\n\n\n\n<p>Tambi\u00e9n destac\u00f3 que cada comunidad podr\u00e1 elegir hasta tres jueces o juezas de paz por circuito comunal, quienes tendr\u00e1n un papel crucial en la promoci\u00f3n de una \u201cnueva forma de justicia\u201d que no ser\u00e1 punitiva, sino vecinal y familiar.<\/p>\n\n\n\n<p>\u201cEs una justicia de acercamiento\u201d, afirm\u00f3, al a\u00f1adir que esta ley busca ahorrar tr\u00e1mites que antes obstaculizaban el proceso democr\u00e1tico.<\/p>\n\n\n\n<p>Prensa Presidencial \/ Eduardo Hueck<\/p>\n","protected":false},"excerpt":{"rendered":"<p>Cuartel de la Monta\u00f1a 4F, Caracas .\u2013 El presidente de la Rep\u00fablica Bolivariana de Venezuela, Nicol\u00e1s Maduro, convoc\u00f3 a los Poderes P\u00fablicos de la Naci\u00f3n a una reuni\u00f3n programada para este lunes en horas del mediod\u00eda, para debatir los detalles del proceso electoral pautado para el 15 de diciembre. \u201cVenezuela el 15 de diciembre, tendr\u00e1 [&hellip;]<\/p>\n","protected":false},"author":1,"featured_media":14903,"comment_status":"open","ping_status":"open","sticky":false,"template":"","format":"standard","meta":{"footnotes":""},"categories":[18,7],"tags":[654,1025,557,754],"class_list":["post-14902","post","type-post","status-publish","format-standard","has-post-thumbnail","hentry","category-noticias-principales","category-notas-de-prensa","tag-elecciones","tag-jueces","tag-paz","tag-poderes"],"_links":{"self":[{"href":"https:\/\/prensapresidencialvenezuela.gob.ve\/index.php\/wp-json\/wp\/v2\/posts\/14902","targetHints":{"allow":["GET"]}}],"collection":[{"href":"https:\/\/prensapresidencialvenezuela.gob.ve\/index.php\/wp-json\/wp\/v2\/posts"}],"about":[{"href":"https:\/\/prensapresidencialvenezuela.gob.ve\/index.php\/wp-json\/wp\/v2\/types\/post"}],"author":[{"embeddable":true,"href":"https:\/\/prensapresidencialvenezuela.gob.ve\/index.php\/wp-json\/wp\/v2\/users\/1"}],"replies":[{"embeddable":true,"href":"https:\/\/prensapresidencialvenezuela.gob.ve\/index.php\/wp-json\/wp\/v2\/comments?post=14902"}],"version-history":[{"count":1,"href":"https:\/\/prensapresidencialvenezuela.gob.ve\/index.php\/wp-json\/wp\/v2\/posts\/14902\/revisions"}],"predecessor-version":[{"id":14904,"href":"https:\/\/prensapresidencialvenezuela.gob.ve\/index.php\/wp-json\/wp\/v2\/posts\/14902\/revisions\/14904"}],"wp:featuredmedia":[{"embeddable":true,"href":"https:\/\/prensapresidencialvenezuela.gob.ve\/index.php\/wp-json\/wp\/v2\/media\/14903"}],"wp:attachment":[{"href":"https:\/\/prensapresidencialvenezuela.gob.ve\/index.php\/wp-json\/wp\/v2\/media?parent=14902"}],"wp:term":[{"taxonomy":"category","embeddable":true,"href":"https:\/\/prensapresidencialvenezuela.gob.ve\/index.php\/wp-json\/wp\/v2\/categories?post=14902"},{"taxonomy":"post_tag","embeddable":true,"href":"https:\/\/prensapresidencialvenezuela.gob.ve\/index.php\/wp-json\/wp\/v2\/tags?post=14902"}],"curies":[{"name":"wp","href":"https:\/\/api.w.org\/{rel}","templated":true}]}}