{"id":1497,"date":"2022-03-12T18:12:00","date_gmt":"2022-03-12T18:12:00","guid":{"rendered":"http:\/\/172.27.0.121\/?p=1497"},"modified":"2022-06-27T18:15:03","modified_gmt":"2022-06-27T18:15:03","slug":"la-otan-ha-demostrado-no-tener-ninguna-necesidad-de-existir","status":"publish","type":"post","link":"https:\/\/prensapresidencialvenezuela.gob.ve\/index.php\/2022\/03\/12\/la-otan-ha-demostrado-no-tener-ninguna-necesidad-de-existir\/","title":{"rendered":"La OTAN ha demostrado no tener ninguna necesidad de existir"},"content":{"rendered":"\n<p><strong>Antalya, Turqu\u00eda.-<\/strong> Al aseverar que la Organizaci\u00f3n del Tratado del Atl\u00e1ntico Norte (OTAN) \u201cha demostrado no tener ninguna necesidad de existir\u201d, el canciller de la Rep\u00fablica, F\u00e9lix Plasencia, denunci\u00f3 el af\u00e1n de \u201crodear, perseguir a la Federaci\u00f3n de Rusia\u201d en medio del conflicto con Ucrania.<\/p>\n\n\n\n<p>El diplom\u00e1tico venezolano enfatiz\u00f3 que en medio de la construcci\u00f3n de un nuevo orden mundial, basado en los principios de soberan\u00eda y autodeterminaci\u00f3n de los pueblos \u201cno hay cabida hoy para que exista una organizaci\u00f3n que promueva la guerra, el ataque, la construcci\u00f3n de una ruta de desencuentro, de dolor, de sufrimiento y de sangre, como la OTAN\u201d.<\/p>\n\n\n\n<p>En el contexto del II Foro Diplom\u00e1tico de Antalya, que se realizar\u00e1 hasta el 13 de marzo en Turqu\u00eda, destac\u00f3 el rol de Rusia en la liberaci\u00f3n de Europa del nazifascismo.<\/p>\n\n\n\n<p>\u201c\u201cRusia es un pa\u00eds que ha demostrado hist\u00f3ricamente que es un abanderado de la lucha contra el fascismo, contra la imposici\u00f3n que hace pocos a\u00f1os estaba destruyendo a toda Europa\u201d, agreg\u00f3.<\/p>\n\n\n\n<p>A finales de diciembre de 2021, el portavoz del Kremlin, Dmitri Peskov, declar\u00f3 que \u00abla expansi\u00f3n de la OTAN a pa\u00edses como Ucrania\u00bb se ha convertido \u00aben una cuesti\u00f3n de vida o muerte\u00bb para Rusia y subray\u00f3 que \u00abhaga lo que haga Rusia con sus tropas, lo hace en su propio suelo\u00bb, mientras que los miembros de la Alianza Atl\u00e1ntica realizan \u00abacciones bastante inamistosas\u00bb cerca de las fronteras rusas, como ejercicios militares y vuelos de reconocimiento. \u00abTodo esto nos provoca profundas preocupaciones y nos obliga a tomar ciertas medidas para garantizar nuestra propia seguridad\u00bb.<\/p>\n\n\n\n<p><strong>Prensa Presidencial\/Karla Cotoret<\/strong><\/p>\n","protected":false},"excerpt":{"rendered":"<p>Antalya, Turqu\u00eda.- Al aseverar que la Organizaci\u00f3n del Tratado del Atl\u00e1ntico Norte (OTAN) \u201cha demostrado no tener ninguna necesidad de existir\u201d, el canciller de la Rep\u00fablica, F\u00e9lix Plasencia, denunci\u00f3 el af\u00e1n de \u201crodear, perseguir a la Federaci\u00f3n de Rusia\u201d en medio del conflicto con Ucrania. El diplom\u00e1tico venezolano enfatiz\u00f3 que en medio de la construcci\u00f3n [&hellip;]<\/p>\n","protected":false},"author":6,"featured_media":1498,"comment_status":"open","ping_status":"open","sticky":false,"template":"","format":"standard","meta":{"footnotes":""},"categories":[7],"tags":[],"class_list":["post-1497","post","type-post","status-publish","format-standard","has-post-thumbnail","hentry","category-notas-de-prensa"],"_links":{"self":[{"href":"https:\/\/prensapresidencialvenezuela.gob.ve\/index.php\/wp-json\/wp\/v2\/posts\/1497","targetHints":{"allow":["GET"]}}],"collection":[{"href":"https:\/\/prensapresidencialvenezuela.gob.ve\/index.php\/wp-json\/wp\/v2\/posts"}],"about":[{"href":"https:\/\/prensapresidencialvenezuela.gob.ve\/index.php\/wp-json\/wp\/v2\/types\/post"}],"author":[{"embeddable":true,"href":"https:\/\/prensapresidencialvenezuela.gob.ve\/index.php\/wp-json\/wp\/v2\/users\/6"}],"replies":[{"embeddable":true,"href":"https:\/\/prensapresidencialvenezuela.gob.ve\/index.php\/wp-json\/wp\/v2\/comments?post=1497"}],"version-history":[{"count":1,"href":"https:\/\/prensapresidencialvenezuela.gob.ve\/index.php\/wp-json\/wp\/v2\/posts\/1497\/revisions"}],"predecessor-version":[{"id":1499,"href":"https:\/\/prensapresidencialvenezuela.gob.ve\/index.php\/wp-json\/wp\/v2\/posts\/1497\/revisions\/1499"}],"wp:featuredmedia":[{"embeddable":true,"href":"https:\/\/prensapresidencialvenezuela.gob.ve\/index.php\/wp-json\/wp\/v2\/media\/1498"}],"wp:attachment":[{"href":"https:\/\/prensapresidencialvenezuela.gob.ve\/index.php\/wp-json\/wp\/v2\/media?parent=1497"}],"wp:term":[{"taxonomy":"category","embeddable":true,"href":"https:\/\/prensapresidencialvenezuela.gob.ve\/index.php\/wp-json\/wp\/v2\/categories?post=1497"},{"taxonomy":"post_tag","embeddable":true,"href":"https:\/\/prensapresidencialvenezuela.gob.ve\/index.php\/wp-json\/wp\/v2\/tags?post=1497"}],"curies":[{"name":"wp","href":"https:\/\/api.w.org\/{rel}","templated":true}]}}