{"id":14991,"date":"2024-11-20T18:57:44","date_gmt":"2024-11-20T22:57:44","guid":{"rendered":"https:\/\/prensapresidencialvenezuela.gob.ve\/?p=14991"},"modified":"2024-11-20T18:57:45","modified_gmt":"2024-11-20T22:57:45","slug":"gobierno-bolivariano-repudia-intento-de-vincular-a-bolivar-con-ley-anti-venezuela-en-ee-uu","status":"publish","type":"post","link":"https:\/\/prensapresidencialvenezuela.gob.ve\/index.php\/2024\/11\/20\/gobierno-bolivariano-repudia-intento-de-vincular-a-bolivar-con-ley-anti-venezuela-en-ee-uu\/","title":{"rendered":"Gobierno Bolivariano repudia intento de vincular a Bol\u00edvar con ley anti-Venezuela en EE.UU"},"content":{"rendered":"\n<p><strong>Palacio Legislativo, Caracas.-<\/strong> \u00abRepudio totalmente el intento criminal de ponerle el nombre de Bol\u00edvar a una ley de guerra contra Venezuela, a una ley sucia, criminal contra Venezuela\u00bb.<\/p>\n\n\n\n<p>Las palabras corresponden al presidente de la Rep\u00fablica Bolivariana de Venezuela, Nicol\u00e1s Maduro, enfatizando que tal acci\u00f3n es un insulto a la memoria del Libertador Sim\u00f3n Bol\u00edvar, quien \u00abfue un ser humano excepcional, la expresi\u00f3n sublime de un momento excepcional de nuestra Am\u00e9rica. El m\u00e1s grande entre los grandes\u00bb.<\/p>\n\n\n\n<p>Durante su intervenci\u00f3n en la Instalaci\u00f3n de la Comisi\u00f3n Electoral Nacional para la Elecci\u00f3n de los Jueces de Paz, reuni\u00f3n celebrada en el Palacio Federal Legislativo, el Jefe de Estado, al subrayar la relevancia actual del legado bolivariano frente a las amenazas externas, hizo referencia a la famosa sentencia de Libertador Sim\u00f3n Bol\u00edvar sobre los Estados Unidos.<\/p>\n\n\n\n<p>\u00ab(\u2026) Ustedes parecen destinados a plagar de incertidumbre, de guerra el mundo a nombre de la libertad y con Venezuela no han podido, ni podr\u00e1n, ni con esta ley basura, con esta ley de la infamia\u00bb, sentenci\u00f3.<\/p>\n\n\n\n<p>En el contundente discurso, el presidente de Venezuela calific\u00f3, a quienes intentan promover la ley contra la naci\u00f3n, como \u00abmalversadores de la libertad\u00bb, de intentar \u00abplagar de sanciones a Venezuela, en nombre de la libertad, con el nombre de Bol\u00edvar\u00bb.<\/p>\n\n\n\n<p>Asimismo, el Dignatario venezolano llam\u00f3 a la m\u00e1xima conciencia, y tambi\u00e9n se dirigi\u00f3 a quienes apoyan esta ley, se\u00f1alando que se trata de \u00abasociaci\u00f3n para delinquir\u00bb y advirtiendo: \u00abSe atienen a las consecuencias todos los que se asocian para que la ley basura, la ley de guerra contra Venezuela se apruebe\u00bb.<\/p>\n\n\n\n<p>\u00abNi con esta ley basura, con esta ley de la infamia&#8230; Le llamo la ley basura porque se escribe con B alta tambi\u00e9n, pero es basura\u00bb. El presidente Maduro reafirm\u00f3 su compromiso con el pueblo y los valores bolivarianos, dejando claro que no permitir\u00e1 que se utilice el nombre del Libertador para justificar acciones hostiles contra su pa\u00eds.<\/p>\n\n\n\n<p><strong>Prensa Presidencial \/ Eduardo Hueck<\/strong><strong><\/strong><\/p>\n","protected":false},"excerpt":{"rendered":"<p>Palacio Legislativo, Caracas.- \u00abRepudio totalmente el intento criminal de ponerle el nombre de Bol\u00edvar a una ley de guerra contra Venezuela, a una ley sucia, criminal contra Venezuela\u00bb. Las palabras corresponden al presidente de la Rep\u00fablica Bolivariana de Venezuela, Nicol\u00e1s Maduro, enfatizando que tal acci\u00f3n es un insulto a la memoria del Libertador Sim\u00f3n Bol\u00edvar, [&hellip;]<\/p>\n","protected":false},"author":1,"featured_media":14992,"comment_status":"open","ping_status":"open","sticky":false,"template":"","format":"standard","meta":{"footnotes":""},"categories":[18,7],"tags":[30,19,451,27,20],"class_list":["post-14991","post","type-post","status-publish","format-standard","has-post-thumbnail","hentry","category-noticias-principales","category-notas-de-prensa","tag-destacado","tag-nicolas-maduro","tag-pueblo","tag-revolucion-bolivariana","tag-venezuela"],"_links":{"self":[{"href":"https:\/\/prensapresidencialvenezuela.gob.ve\/index.php\/wp-json\/wp\/v2\/posts\/14991","targetHints":{"allow":["GET"]}}],"collection":[{"href":"https:\/\/prensapresidencialvenezuela.gob.ve\/index.php\/wp-json\/wp\/v2\/posts"}],"about":[{"href":"https:\/\/prensapresidencialvenezuela.gob.ve\/index.php\/wp-json\/wp\/v2\/types\/post"}],"author":[{"embeddable":true,"href":"https:\/\/prensapresidencialvenezuela.gob.ve\/index.php\/wp-json\/wp\/v2\/users\/1"}],"replies":[{"embeddable":true,"href":"https:\/\/prensapresidencialvenezuela.gob.ve\/index.php\/wp-json\/wp\/v2\/comments?post=14991"}],"version-history":[{"count":1,"href":"https:\/\/prensapresidencialvenezuela.gob.ve\/index.php\/wp-json\/wp\/v2\/posts\/14991\/revisions"}],"predecessor-version":[{"id":14993,"href":"https:\/\/prensapresidencialvenezuela.gob.ve\/index.php\/wp-json\/wp\/v2\/posts\/14991\/revisions\/14993"}],"wp:featuredmedia":[{"embeddable":true,"href":"https:\/\/prensapresidencialvenezuela.gob.ve\/index.php\/wp-json\/wp\/v2\/media\/14992"}],"wp:attachment":[{"href":"https:\/\/prensapresidencialvenezuela.gob.ve\/index.php\/wp-json\/wp\/v2\/media?parent=14991"}],"wp:term":[{"taxonomy":"category","embeddable":true,"href":"https:\/\/prensapresidencialvenezuela.gob.ve\/index.php\/wp-json\/wp\/v2\/categories?post=14991"},{"taxonomy":"post_tag","embeddable":true,"href":"https:\/\/prensapresidencialvenezuela.gob.ve\/index.php\/wp-json\/wp\/v2\/tags?post=14991"}],"curies":[{"name":"wp","href":"https:\/\/api.w.org\/{rel}","templated":true}]}}