{"id":15080,"date":"2024-11-23T20:17:09","date_gmt":"2024-11-24T00:17:09","guid":{"rendered":"https:\/\/prensapresidencialvenezuela.gob.ve\/?p=15080"},"modified":"2024-11-23T20:18:26","modified_gmt":"2024-11-24T00:18:26","slug":"nace-el-gran-movimiento-antifascista-de-la-juventud-y-los-estudiantes-de-venezuela","status":"publish","type":"post","link":"https:\/\/prensapresidencialvenezuela.gob.ve\/index.php\/2024\/11\/23\/nace-el-gran-movimiento-antifascista-de-la-juventud-y-los-estudiantes-de-venezuela\/","title":{"rendered":"Nace el Gran Movimiento Antifascista de la Juventud y los Estudiantes de Venezuela"},"content":{"rendered":"\n<p><strong>La Carlota, estado Miranda.<\/strong> En la Clausura del Congreso Mundial de la Juventud y Estudiantes Antifascistas, el presidente de la Rep\u00fablica Bolivariana de Venezuela, Nicolas Maduro Moros, anunci\u00f3 el nacimiento del Gran Movimiento Antifascista de la Juventud y los Estudiantes de Venezuela, para la uni\u00f3n de la juventud y de los pueblos por un mundo diferente.<\/p>\n\n\n\n<p>Ha referido que en los tres congresos antifascistas; el Congreso Fundacional de septiembre de este a\u00f1o, el Congresode Principios de noviembre \u201cque fund\u00f3 la liga parlamentarios y parlamentarias antifascistas del mundo\u201d, y este Tercer Congreso que concluyeen un ciclo fundacional para este Gran Movimiento de la Juventud y los Estudiantes del Mundo Antifascista, se demuestra la lucha permanente, por un nuevo mundo.<\/p>\n\n\n\n<p>Insisti\u00f3 y reafirm\u00f3, que se deben crear nuevas formas de mancomunidad y propiciar estrategiaspropias de resistencia para poder convertir el destino en conciencia y de esta manera,Venezuela mantenga la lucha con la misma consecuencia de siempre, por la formaci\u00f3n de un mundo multipolar,\u00ablevanten su bandera muchachos, levanten su fuerza, que hay una humanidad por construir\u00bb.<\/p>\n\n\n\n<p>Reconoci\u00f3 a todos los presentes como l\u00edderes juveniles y estudiantiles, y los orient\u00f3 a aprender con humildad de aquellos que los apoyan en la lucha \u00abdel que est\u00e1 a tu lado luchando\u00bb.<\/p>\n\n\n\n<p>Rarific\u00f3 su lucha junto al pueblo por la prosperidad de Venezuela, \u00abpido a Diossalud y larga vidapara ayudar a este pueblo a empujar el tiempo hist\u00f3rico hacia la nueva \u00e9poca del socialismo bolivariano cristiano\u00bb.<\/p>\n\n\n\n<p><strong>Prensa Presidencial \/ Atahualpa Calder\u00f3n <\/strong><a><\/a><\/p>\n","protected":false},"excerpt":{"rendered":"<p>La Carlota, estado Miranda. En la Clausura del Congreso Mundial de la Juventud y Estudiantes Antifascistas, el presidente de la Rep\u00fablica Bolivariana de Venezuela, Nicolas Maduro Moros, anunci\u00f3 el nacimiento del Gran Movimiento Antifascista de la Juventud y los Estudiantes de Venezuela, para la uni\u00f3n de la juventud y de los pueblos por un mundo [&hellip;]<\/p>\n","protected":false},"author":1,"featured_media":15081,"comment_status":"open","ping_status":"open","sticky":false,"template":"","format":"standard","meta":{"footnotes":""},"categories":[18,7],"tags":[1091,1090],"class_list":["post-15080","post","type-post","status-publish","format-standard","has-post-thumbnail","hentry","category-noticias-principales","category-notas-de-prensa","tag-antifascista","tag-movimiento"],"_links":{"self":[{"href":"https:\/\/prensapresidencialvenezuela.gob.ve\/index.php\/wp-json\/wp\/v2\/posts\/15080","targetHints":{"allow":["GET"]}}],"collection":[{"href":"https:\/\/prensapresidencialvenezuela.gob.ve\/index.php\/wp-json\/wp\/v2\/posts"}],"about":[{"href":"https:\/\/prensapresidencialvenezuela.gob.ve\/index.php\/wp-json\/wp\/v2\/types\/post"}],"author":[{"embeddable":true,"href":"https:\/\/prensapresidencialvenezuela.gob.ve\/index.php\/wp-json\/wp\/v2\/users\/1"}],"replies":[{"embeddable":true,"href":"https:\/\/prensapresidencialvenezuela.gob.ve\/index.php\/wp-json\/wp\/v2\/comments?post=15080"}],"version-history":[{"count":2,"href":"https:\/\/prensapresidencialvenezuela.gob.ve\/index.php\/wp-json\/wp\/v2\/posts\/15080\/revisions"}],"predecessor-version":[{"id":15083,"href":"https:\/\/prensapresidencialvenezuela.gob.ve\/index.php\/wp-json\/wp\/v2\/posts\/15080\/revisions\/15083"}],"wp:featuredmedia":[{"embeddable":true,"href":"https:\/\/prensapresidencialvenezuela.gob.ve\/index.php\/wp-json\/wp\/v2\/media\/15081"}],"wp:attachment":[{"href":"https:\/\/prensapresidencialvenezuela.gob.ve\/index.php\/wp-json\/wp\/v2\/media?parent=15080"}],"wp:term":[{"taxonomy":"category","embeddable":true,"href":"https:\/\/prensapresidencialvenezuela.gob.ve\/index.php\/wp-json\/wp\/v2\/categories?post=15080"},{"taxonomy":"post_tag","embeddable":true,"href":"https:\/\/prensapresidencialvenezuela.gob.ve\/index.php\/wp-json\/wp\/v2\/tags?post=15080"}],"curies":[{"name":"wp","href":"https:\/\/api.w.org\/{rel}","templated":true}]}}