{"id":1509,"date":"2022-03-15T18:31:00","date_gmt":"2022-03-15T18:31:00","guid":{"rendered":"http:\/\/172.27.0.121\/?p=1509"},"modified":"2022-06-27T18:33:39","modified_gmt":"2022-06-27T18:33:39","slug":"colombia-promovio-ingreso-de-contagios-por-covid-19-en-el-pueblo-venezolano","status":"publish","type":"post","link":"https:\/\/prensapresidencialvenezuela.gob.ve\/index.php\/2022\/03\/15\/colombia-promovio-ingreso-de-contagios-por-covid-19-en-el-pueblo-venezolano\/","title":{"rendered":"Colombia promovi\u00f3 ingreso de contagios por COVID-19 en el pueblo venezolano"},"content":{"rendered":"\n<p><strong>Palacio de Miraflores, Caracas.-<\/strong> Este martes, el presidente de la Rep\u00fablica, Nicol\u00e1s Maduro, denunci\u00f3 que el gobierno colombiano, liderado por Iv\u00e1n Duque, promovi\u00f3 en 2020 el ingreso de migrantes con COVID-19, con el prop\u00f3sito de contagiar al pueblo venezolano, lo que desat\u00f3 la primera ola de la enfermedad en el territorio nacional.<\/p>\n\n\n\n<p>\u201cDebido a las diferentes olas que aparecieron en el pa\u00eds, cuando empezaron a regresar miles de migrantes (\u2026) Venezuela enfrenta la primera ola en los meses de julio y agosto, hasta noviembre de 2020\u201d, destac\u00f3. Al tiempo que record\u00f3 que \u201c350 mil venezolanos y venezolanas migrantes regresaron de Chile, Ecuador, Per\u00fa y Colombia huyendo de la xenofobia, del maltrato y del Coronavirus\u201d.<\/p>\n\n\n\n<p>El Jefe de Estado manifest\u00f3 que en esa etapa de la pandemia, comenzaron a ingresar los llamados \u201ctrocheros\u201d -grupos de migrantes que pagaban del lado de Colombia para ingresar a Venezuela- y promovidos por el gobierno de Iv\u00e1n Duque, a trav\u00e9s de grupos irregulares, paramilitares, delincuentes que controlaban las trochas en las fronteras.<\/p>\n\n\n\n<p>\u201cComenzaron a pasar a las comunidades y las comunidades empezaron a advertir sobre la expansi\u00f3n&nbsp; del Coronavirus por llegada de los trocheros\u201d, enfatiz\u00f3 el Dignatario .<\/p>\n\n\n\n<p>En ese contexto, el presidente Maduro asever\u00f3 que gracias a la creaci\u00f3n de los Puestos de Atenci\u00f3n Integral (PASI) en la frontera, \u201crecibimos con amor a los migrantes, con atenci\u00f3n m\u00e9dica, hospitalaria, alimentaria, bonos de la patria y todo aquel que ingresaba por la frontera era trasladado en avi\u00f3n, en autobuses, hasta sus casas, previo cumplimiento de las medidas de prevenci\u00f3n\u201d.<\/p>\n\n\n\n<p>Indic\u00f3 que la recepci\u00f3n de migrantes represent\u00f3 una operaci\u00f3n humanitaria \u201cejemplar para el mundo\u201d.<\/p>\n\n\n\n<p><strong>ACNUR parcializada<\/strong><\/p>\n\n\n\n<p>Desde el Palacio de Miraflores, el Mandatario nacional denunci\u00f3 que la Agencia de la Organizaci\u00f3n de las Naciones Unidas para los Refugiados (ACNUR) no cumpli\u00f3 con su trabajo, y tuvo una parcializaci\u00f3n ideol\u00f3gica contra la Revoluci\u00f3n Bolivariana.<\/p>\n\n\n\n<p>\u201cLa ACNUR est\u00e1 parcializada por el imperio norteamericano para sacar cifras falsas sobre Venezuela y atacar la Revoluci\u00f3n Bolivariana. He denunciado a los altos funcionarios por prestarse a esa maniobra del mundo occidental\u201d, puntualiz\u00f3.<\/p>\n\n\n\n<p>Record\u00f3 que para aquella fecha se orden\u00f3 desde Colombia \u201cimpregnar a Venezuela de Coronavirus, y as\u00ed lo hicieron, bastantes pruebas en su momento se mostraron de como contagiaron a migrantes venezolanos que ven\u00edan por las carreteras para que pasar\u00e1n lotes por trochas y as\u00ed se expandi\u00f3\u201d, concluy\u00f3 Maduro.<\/p>\n\n\n\n<p>La informaci\u00f3n la ofreci\u00f3 el Presidente, durante un acto en el marco del 2\u00b0 aniversario del inicio de la cuarentena social, voluntaria, consciente y radical por la pandemia del COVID -19.<\/p>\n\n\n\n<p><strong>Prensa Presidencial\/Joelin Jim\u00e9nez<\/strong><\/p>\n","protected":false},"excerpt":{"rendered":"<p>Palacio de Miraflores, Caracas.- Este martes, el presidente de la Rep\u00fablica, Nicol\u00e1s Maduro, denunci\u00f3 que el gobierno colombiano, liderado por Iv\u00e1n Duque, promovi\u00f3 en 2020 el ingreso de migrantes con COVID-19, con el prop\u00f3sito de contagiar al pueblo venezolano, lo que desat\u00f3 la primera ola de la enfermedad en el territorio nacional. \u201cDebido a las [&hellip;]<\/p>\n","protected":false},"author":6,"featured_media":1510,"comment_status":"open","ping_status":"open","sticky":false,"template":"","format":"standard","meta":{"footnotes":""},"categories":[7],"tags":[],"class_list":["post-1509","post","type-post","status-publish","format-standard","has-post-thumbnail","hentry","category-notas-de-prensa"],"_links":{"self":[{"href":"https:\/\/prensapresidencialvenezuela.gob.ve\/index.php\/wp-json\/wp\/v2\/posts\/1509","targetHints":{"allow":["GET"]}}],"collection":[{"href":"https:\/\/prensapresidencialvenezuela.gob.ve\/index.php\/wp-json\/wp\/v2\/posts"}],"about":[{"href":"https:\/\/prensapresidencialvenezuela.gob.ve\/index.php\/wp-json\/wp\/v2\/types\/post"}],"author":[{"embeddable":true,"href":"https:\/\/prensapresidencialvenezuela.gob.ve\/index.php\/wp-json\/wp\/v2\/users\/6"}],"replies":[{"embeddable":true,"href":"https:\/\/prensapresidencialvenezuela.gob.ve\/index.php\/wp-json\/wp\/v2\/comments?post=1509"}],"version-history":[{"count":1,"href":"https:\/\/prensapresidencialvenezuela.gob.ve\/index.php\/wp-json\/wp\/v2\/posts\/1509\/revisions"}],"predecessor-version":[{"id":1511,"href":"https:\/\/prensapresidencialvenezuela.gob.ve\/index.php\/wp-json\/wp\/v2\/posts\/1509\/revisions\/1511"}],"wp:featuredmedia":[{"embeddable":true,"href":"https:\/\/prensapresidencialvenezuela.gob.ve\/index.php\/wp-json\/wp\/v2\/media\/1510"}],"wp:attachment":[{"href":"https:\/\/prensapresidencialvenezuela.gob.ve\/index.php\/wp-json\/wp\/v2\/media?parent=1509"}],"wp:term":[{"taxonomy":"category","embeddable":true,"href":"https:\/\/prensapresidencialvenezuela.gob.ve\/index.php\/wp-json\/wp\/v2\/categories?post=1509"},{"taxonomy":"post_tag","embeddable":true,"href":"https:\/\/prensapresidencialvenezuela.gob.ve\/index.php\/wp-json\/wp\/v2\/tags?post=1509"}],"curies":[{"name":"wp","href":"https:\/\/api.w.org\/{rel}","templated":true}]}}