{"id":15096,"date":"2024-11-25T18:13:12","date_gmt":"2024-11-25T22:13:12","guid":{"rendered":"https:\/\/prensapresidencialvenezuela.gob.ve\/?p=15096"},"modified":"2024-11-25T18:13:13","modified_gmt":"2024-11-25T22:13:13","slug":"presidencialven-en-linea-no-83","status":"publish","type":"post","link":"https:\/\/prensapresidencialvenezuela.gob.ve\/index.php\/2024\/11\/25\/presidencialven-en-linea-no-83\/","title":{"rendered":"PresidencialVen En L\u00ednea | N\u00ba 83"},"content":{"rendered":"\n<p><a href=\"https:\/\/prensapresidencialvenezuela.gob.ve\/index.php\/author\/prensa\/\"><\/a><\/p>\n\n\n\n<figure class=\"wp-block-audio\"><audio controls src=\"https:\/\/prensapresidencialvenezuela.gob.ve\/wp-content\/uploads\/2024\/11\/PRESIDENCIAL-VEN-83.mp3\"><\/audio><\/figure>\n\n\n\n<p>Podcast | Conozca la agenda del presidente Nicol\u00e1s Maduro y las decisiones m\u00e1s destacadas en el \u00e1mbito pol\u00edtico, social y defensa de la Naci\u00f3n<\/p>\n","protected":false},"excerpt":{"rendered":"<p>Podcast | Conozca la agenda del presidente Nicol\u00e1s Maduro y las decisiones m\u00e1s destacadas en el \u00e1mbito pol\u00edtico, social y defensa de la Naci\u00f3n<\/p>\n","protected":false},"author":1,"featured_media":12070,"comment_status":"open","ping_status":"open","sticky":false,"template":"","format":"standard","meta":{"footnotes":""},"categories":[18,3],"tags":[],"class_list":["post-15096","post","type-post","status-publish","format-standard","has-post-thumbnail","hentry","category-noticias-principales","category-contenido-de-audios"],"_links":{"self":[{"href":"https:\/\/prensapresidencialvenezuela.gob.ve\/index.php\/wp-json\/wp\/v2\/posts\/15096","targetHints":{"allow":["GET"]}}],"collection":[{"href":"https:\/\/prensapresidencialvenezuela.gob.ve\/index.php\/wp-json\/wp\/v2\/posts"}],"about":[{"href":"https:\/\/prensapresidencialvenezuela.gob.ve\/index.php\/wp-json\/wp\/v2\/types\/post"}],"author":[{"embeddable":true,"href":"https:\/\/prensapresidencialvenezuela.gob.ve\/index.php\/wp-json\/wp\/v2\/users\/1"}],"replies":[{"embeddable":true,"href":"https:\/\/prensapresidencialvenezuela.gob.ve\/index.php\/wp-json\/wp\/v2\/comments?post=15096"}],"version-history":[{"count":1,"href":"https:\/\/prensapresidencialvenezuela.gob.ve\/index.php\/wp-json\/wp\/v2\/posts\/15096\/revisions"}],"predecessor-version":[{"id":15099,"href":"https:\/\/prensapresidencialvenezuela.gob.ve\/index.php\/wp-json\/wp\/v2\/posts\/15096\/revisions\/15099"}],"wp:featuredmedia":[{"embeddable":true,"href":"https:\/\/prensapresidencialvenezuela.gob.ve\/index.php\/wp-json\/wp\/v2\/media\/12070"}],"wp:attachment":[{"href":"https:\/\/prensapresidencialvenezuela.gob.ve\/index.php\/wp-json\/wp\/v2\/media?parent=15096"}],"wp:term":[{"taxonomy":"category","embeddable":true,"href":"https:\/\/prensapresidencialvenezuela.gob.ve\/index.php\/wp-json\/wp\/v2\/categories?post=15096"},{"taxonomy":"post_tag","embeddable":true,"href":"https:\/\/prensapresidencialvenezuela.gob.ve\/index.php\/wp-json\/wp\/v2\/tags?post=15096"}],"curies":[{"name":"wp","href":"https:\/\/api.w.org\/{rel}","templated":true}]}}