{"id":1512,"date":"2022-03-15T18:34:00","date_gmt":"2022-03-15T18:34:00","guid":{"rendered":"http:\/\/172.27.0.121\/?p=1512"},"modified":"2022-06-27T18:35:52","modified_gmt":"2022-06-27T18:35:52","slug":"desplegaran-plan-especial-para-reimpulso-del-sistema-publico-de-salud","status":"publish","type":"post","link":"https:\/\/prensapresidencialvenezuela.gob.ve\/index.php\/2022\/03\/15\/desplegaran-plan-especial-para-reimpulso-del-sistema-publico-de-salud\/","title":{"rendered":"Desplegar\u00e1n Plan Especial para reimpulso del Sistema P\u00fablico de Salud"},"content":{"rendered":"\n<p><strong>Palacio de Miraflores, Caracas.- <\/strong>En el contexto de los objetivos de las 3R.Nets, el Ejecutivo desplegar\u00e1 un Plan Especial para reparar, reconstruir y reimpulsar el Sistema P\u00fablico Nacional de Salud.<\/p>\n\n\n\n<p>El anuncio lo realiz\u00f3 el presidente de la Rep\u00fablica, Nicol\u00e1s Maduro, quien orient\u00f3 a dedicar esfuerzos a la mejora de la Misi\u00f3n Barrio Adentro I y II, as\u00ed como al fortalecimiento de los Centros de Alta Tecnolog\u00eda (CAT) y las Salas de Rehabilitaci\u00f3n Integral (SRI).<\/p>\n\n\n\n<p>Desde el Palacio de Miraflores, ubicado en Caracas, instruy\u00f3 a gobernadores y alcaldes \u201cir a fondo en la recuperaci\u00f3n de ambulatorios\u201d, garantizando su apertura permanente a pesar de que est\u00e9n en reparaci\u00f3n o adecuaci\u00f3n de espacios.<\/p>\n\n\n\n<p>Al respecto, en la Cl\u00ednica Popular \u201cEl Para\u00edso\u201d, ubicada en la parroquia El Para\u00edso, inici\u00f3 operaciones la Unidad de Trasplante Renal que atender\u00e1 a pacientes con enfermedad renal cr\u00f3nica avanzada con criterio para ser trasplantado.<\/p>\n\n\n\n<p>Adem\u00e1s de servicios quir\u00fargicos, el centro de salud ofrecer\u00e1 \u201catenci\u00f3n integral para ex\u00e1menes de laboratorio, estudios y consultas especializadas\u201d que permitir\u00e1n \u201cpreparar al paciente en su \u00e1rea pre-operatoria y vaya totalmente apto al trasplante\u201d, puntualiz\u00f3 la jefa de Nefrolog\u00eda del Instituto Venezolano de los Seguros Sociales (IVSS), Elena Romero.<\/p>\n\n\n\n<p>Destac\u00f3 que, igualmente, \u201cpoco a poco se convertir\u00e1 en un centro integral para el paciente renal donde se van a ofrecer operaciones de fistulas, intervenciones para colocaci\u00f3n de cat\u00e9teres tanto para di\u00e1lisis peritoneal como para hemodi\u00e1lisis\u201d.<\/p>\n\n\n\n<p>Por otro lado, la alcaldesa del municipio Libertador, Carmen Mel\u00e9ndez, subray\u00f3 que la inauguraci\u00f3n de la Unidad de Trasplante Renal se inscribe en un proyecto amplio de recuperaci\u00f3n integral de centros de salud en Caracas.<\/p>\n\n\n\n<p>\u201cVamos a continuar con la recuperaci\u00f3n \u2013al lado de la ministra de Salud, Magaly Guti\u00e9rrez- en todos los centros de salud de Caracas para cumplir con esas 3R.Nets\u201d, agreg\u00f3.<\/p>\n\n\n\n<p><strong>Inaugurada Unidad de Di\u00e1lisis en Guarenas<\/strong><\/p>\n\n\n\n<p>A partir de la apertura de la Unidad de Di\u00e1lisis del IVSS Hospital Dr. Luis Salazar Dom\u00ednguez, situado en el municipio Ambrosio Plaza del estado Miranda, 150 personas recibir\u00e1n atenci\u00f3n de calidad sin tener que trasladarse a otras zonas de la Gran Caracas.<\/p>\n\n\n\n<p>El espacio cuenta con una planta de \u00f3smosis y 25 m\u00e1quinas con sistema de filtraci\u00f3n de endotoxinas y sistema de seguridad que \u201cnos permite por tensi\u00f3n de aire ver si los pacientes est\u00e1n en buenas condiciones al momento de hacerse el tratamiento\u201d, precis\u00f3 la viceministra de Salud, Liz Mart\u00ednez.<\/p>\n\n\n\n<p>En relaci\u00f3n a la lucha contra la COVID-19, el gobernador del estado Miranda, H\u00e9ctor Rodr\u00edguez, a\u00f1adi\u00f3 que la entidad suma 2 millones 300 mil vacunados \u201cy son m\u00e1s de 5 millones de dosis entre personas que tienen una, dos o tres dosis\u201d.<\/p>\n\n\n\n<p><strong>Prensa Presidencial\/Karelis Gonz\u00e1lez<\/strong><\/p>\n","protected":false},"excerpt":{"rendered":"<p>Palacio de Miraflores, Caracas.- En el contexto de los objetivos de las 3R.Nets, el Ejecutivo desplegar\u00e1 un Plan Especial para reparar, reconstruir y reimpulsar el Sistema P\u00fablico Nacional de Salud. El anuncio lo realiz\u00f3 el presidente de la Rep\u00fablica, Nicol\u00e1s Maduro, quien orient\u00f3 a dedicar esfuerzos a la mejora de la Misi\u00f3n Barrio Adentro I [&hellip;]<\/p>\n","protected":false},"author":6,"featured_media":1513,"comment_status":"open","ping_status":"open","sticky":false,"template":"","format":"standard","meta":{"footnotes":""},"categories":[7],"tags":[],"class_list":["post-1512","post","type-post","status-publish","format-standard","has-post-thumbnail","hentry","category-notas-de-prensa"],"_links":{"self":[{"href":"https:\/\/prensapresidencialvenezuela.gob.ve\/index.php\/wp-json\/wp\/v2\/posts\/1512","targetHints":{"allow":["GET"]}}],"collection":[{"href":"https:\/\/prensapresidencialvenezuela.gob.ve\/index.php\/wp-json\/wp\/v2\/posts"}],"about":[{"href":"https:\/\/prensapresidencialvenezuela.gob.ve\/index.php\/wp-json\/wp\/v2\/types\/post"}],"author":[{"embeddable":true,"href":"https:\/\/prensapresidencialvenezuela.gob.ve\/index.php\/wp-json\/wp\/v2\/users\/6"}],"replies":[{"embeddable":true,"href":"https:\/\/prensapresidencialvenezuela.gob.ve\/index.php\/wp-json\/wp\/v2\/comments?post=1512"}],"version-history":[{"count":2,"href":"https:\/\/prensapresidencialvenezuela.gob.ve\/index.php\/wp-json\/wp\/v2\/posts\/1512\/revisions"}],"predecessor-version":[{"id":1515,"href":"https:\/\/prensapresidencialvenezuela.gob.ve\/index.php\/wp-json\/wp\/v2\/posts\/1512\/revisions\/1515"}],"wp:featuredmedia":[{"embeddable":true,"href":"https:\/\/prensapresidencialvenezuela.gob.ve\/index.php\/wp-json\/wp\/v2\/media\/1513"}],"wp:attachment":[{"href":"https:\/\/prensapresidencialvenezuela.gob.ve\/index.php\/wp-json\/wp\/v2\/media?parent=1512"}],"wp:term":[{"taxonomy":"category","embeddable":true,"href":"https:\/\/prensapresidencialvenezuela.gob.ve\/index.php\/wp-json\/wp\/v2\/categories?post=1512"},{"taxonomy":"post_tag","embeddable":true,"href":"https:\/\/prensapresidencialvenezuela.gob.ve\/index.php\/wp-json\/wp\/v2\/tags?post=1512"}],"curies":[{"name":"wp","href":"https:\/\/api.w.org\/{rel}","templated":true}]}}