{"id":15152,"date":"2024-11-27T17:59:06","date_gmt":"2024-11-27T21:59:06","guid":{"rendered":"https:\/\/prensapresidencialvenezuela.gob.ve\/?p=15152"},"modified":"2024-11-27T17:59:06","modified_gmt":"2024-11-27T21:59:06","slug":"la-aviacion-militar-bolivariana-ha-logrado-que-se-respete-el-espacio-aereo-de-la-patria","status":"publish","type":"post","link":"https:\/\/prensapresidencialvenezuela.gob.ve\/index.php\/2024\/11\/27\/la-aviacion-militar-bolivariana-ha-logrado-que-se-respete-el-espacio-aereo-de-la-patria\/","title":{"rendered":"La Aviaci\u00f3n Militar Bolivariana ha logrado que se respete el espacio a\u00e9reo de la Patria"},"content":{"rendered":"\n<p><strong>Maracay, estado Aragua.-<\/strong>.- El presidente y Comandante en Jefe de la Fuerza Armada Nacional Bolivariana, Nicol\u00e1s Maduro, se\u00f1al\u00f3 en el acto de celebraci\u00f3n por la gesta heroica del 27 de noviembre de 1992, que la Aviaci\u00f3n Nacional Bolivariana, ha logrado que en Venezuela se respete el espacio a\u00e9reo de nuestro pa\u00eds.<\/p>\n\n\n\n<p>\u201cQuiero entregar mi saludo emocionado y de admiraci\u00f3n a quienes en este a\u00f1o 2024, y a los 104 a\u00f1os del inici\u00f3 como Fuerza A\u00e9rea militar de Venezuela y a los 32 a\u00f1os de la rebeli\u00f3n antiimperialista y anti olig\u00e1rquica de la generaci\u00f3n de los hijos de Bol\u00edvar, han logrado&nbsp; y logran que la Aviaci\u00f3n Militar y Civil, haga respetar nuestro espacio a\u00e9reo y la soberan\u00eda integral de la Patria\u201d, expres\u00f3 el Mandatario bolivariano.<\/p>\n\n\n\n<p>En el acto de celebraci\u00f3n de la rebeli\u00f3n antiimperialista del 27 de noviembre&nbsp; y d\u00eda de la Aviaci\u00f3n Militar Bolivariana, realizado en la Base Libertador, Palo Negro, estado Aragua, afirm\u00f3 que en nuestro pa\u00eds se ha consolidado una Fuerza A\u00e9rea soberana, producto de los esfuerzos diarios de profesionales, con gente de bien.<\/p>\n\n\n\n<p>Asimismo, el presidente Maduro verific\u00f3 en detalles el salto cualitativo en avanzada en materia tecnol\u00f3gica en el Sistema de Defensa Integral de la Naci\u00f3n y sus sistemas Aero-t\u00e1cticos y dem\u00e1s avances&nbsp; operativos,&nbsp; sobre el control de aeronaves y aer\u00f3dromos en el resguardo de las zonas geogr\u00e1ficas del pa\u00eds.&nbsp;<\/p>\n\n\n\n<p>Tambi\u00e9n supervis\u00f3 los avances de la l\u00ednea estrat\u00e9gica operacional&nbsp; que rige el Gobierno Bolivariano en el territorio nacional.<\/p>\n\n\n\n<p><strong>Prensa Presidencial \/Orlando Ruiz<\/strong><\/p>\n","protected":false},"excerpt":{"rendered":"<p>Maracay, estado Aragua.-.- El presidente y Comandante en Jefe de la Fuerza Armada Nacional Bolivariana, Nicol\u00e1s Maduro, se\u00f1al\u00f3 en el acto de celebraci\u00f3n por la gesta heroica del 27 de noviembre de 1992, que la Aviaci\u00f3n Nacional Bolivariana, ha logrado que en Venezuela se respete el espacio a\u00e9reo de nuestro pa\u00eds. \u201cQuiero entregar mi saludo [&hellip;]<\/p>\n","protected":false},"author":1,"featured_media":15153,"comment_status":"open","ping_status":"open","sticky":false,"template":"","format":"standard","meta":{"footnotes":""},"categories":[18,7],"tags":[172,528],"class_list":["post-15152","post","type-post","status-publish","format-standard","has-post-thumbnail","hentry","category-noticias-principales","category-notas-de-prensa","tag-amb","tag-defensa"],"_links":{"self":[{"href":"https:\/\/prensapresidencialvenezuela.gob.ve\/index.php\/wp-json\/wp\/v2\/posts\/15152","targetHints":{"allow":["GET"]}}],"collection":[{"href":"https:\/\/prensapresidencialvenezuela.gob.ve\/index.php\/wp-json\/wp\/v2\/posts"}],"about":[{"href":"https:\/\/prensapresidencialvenezuela.gob.ve\/index.php\/wp-json\/wp\/v2\/types\/post"}],"author":[{"embeddable":true,"href":"https:\/\/prensapresidencialvenezuela.gob.ve\/index.php\/wp-json\/wp\/v2\/users\/1"}],"replies":[{"embeddable":true,"href":"https:\/\/prensapresidencialvenezuela.gob.ve\/index.php\/wp-json\/wp\/v2\/comments?post=15152"}],"version-history":[{"count":1,"href":"https:\/\/prensapresidencialvenezuela.gob.ve\/index.php\/wp-json\/wp\/v2\/posts\/15152\/revisions"}],"predecessor-version":[{"id":15154,"href":"https:\/\/prensapresidencialvenezuela.gob.ve\/index.php\/wp-json\/wp\/v2\/posts\/15152\/revisions\/15154"}],"wp:featuredmedia":[{"embeddable":true,"href":"https:\/\/prensapresidencialvenezuela.gob.ve\/index.php\/wp-json\/wp\/v2\/media\/15153"}],"wp:attachment":[{"href":"https:\/\/prensapresidencialvenezuela.gob.ve\/index.php\/wp-json\/wp\/v2\/media?parent=15152"}],"wp:term":[{"taxonomy":"category","embeddable":true,"href":"https:\/\/prensapresidencialvenezuela.gob.ve\/index.php\/wp-json\/wp\/v2\/categories?post=15152"},{"taxonomy":"post_tag","embeddable":true,"href":"https:\/\/prensapresidencialvenezuela.gob.ve\/index.php\/wp-json\/wp\/v2\/tags?post=15152"}],"curies":[{"name":"wp","href":"https:\/\/api.w.org\/{rel}","templated":true}]}}