{"id":15195,"date":"2024-11-28T21:03:46","date_gmt":"2024-11-29T01:03:46","guid":{"rendered":"https:\/\/prensapresidencialvenezuela.gob.ve\/?p=15195"},"modified":"2024-11-28T21:04:14","modified_gmt":"2024-11-29T01:04:14","slug":"plan-para-desestabilizar-el-pais-buscaba-liberar-a-criminales-peligrosos","status":"publish","type":"post","link":"https:\/\/prensapresidencialvenezuela.gob.ve\/index.php\/2024\/11\/28\/plan-para-desestabilizar-el-pais-buscaba-liberar-a-criminales-peligrosos\/","title":{"rendered":"Plan para desestabilizar el pa\u00eds buscaba liberar a criminales"},"content":{"rendered":"\n<p><strong>Palacio de Miraflores, Caracas<\/strong>.- El presidente de la Rep\u00fablica Bolivariana de Venezuela, Nicol\u00e1s Maduro, revel\u00f3 que parte del plan del extremista Leopoldo L\u00f3pez para desestabilizar a la naci\u00f3n, consist\u00eda en la liberaci\u00f3n de criminales peligrosos.<\/p>\n\n\n\n<p>\u00ab(\u2026) Parte del plan de desestabilizaci\u00f3n era sacar a los pranes, con delincuentes armados coordinados por Leopoldo L\u00f3pez a trav\u00e9s del homicida&nbsp; que est\u00e1 en Miami\u00bb, refiri\u00e9ndose a Gilbert Caro; pero destac\u00f3 que tras la designaci\u00f3n de Julio Garc\u00eda Zerpa como ministro del Servicio Penitenciario estos planes fueron desarticulados.<\/p>\n\n\n\n<p>Durante su intervenci\u00f3n, destac\u00f3 la labor del ministro, quien ha sido sancionado por poner orden en las c\u00e1rceles del pa\u00eds.<\/p>\n\n\n\n<p>\u00ab\u00bfPor qu\u00e9 fue sancionado? Porque desde que puse a Julio Garc\u00eda Zerpa lleg\u00f3 y puso orden\u00bb, afirm\u00f3 Maduro.<\/p>\n\n\n\n<p>El presidente Maduro detall\u00f3 que Caro estaba involucrado en una red que buscaba liberar a criminales peligrosos de las c\u00e1rceles para llevar a cabo ataques en las principales ciudades del pa\u00eds: \u00abbuscaba criminales, homicidas, asesinos, violadores, en las c\u00e1rceles para que salieran armados, fugados\u00bb.<\/p>\n\n\n\n<p>El Dignatario venezolano detall\u00f3 que el imperialismo est\u00e1 detr\u00e1s de este plan, afirmando: \u00abEste gobierno fracasado y derrotado mont\u00f3 este plan\u00bb, en este sentido, acentu\u00f3 que la respuesta venezolana ha sido firme: \u00abLleg\u00f3 Julio Serpa y les agu\u00f3 el plan a los gringos\u00bb, subrayando la determinaci\u00f3n de su gobierno ante las sanciones impuestas.<\/p>\n\n\n\n<p>La informaci\u00f3n fue destacada durante la transmisi\u00f3n de su programa <em>Maduro Live de Repente, <\/em>y en que subray\u00f3 que el Gobierno Bolivariano contin\u00faa trabajando en el \u00abdesmantelamiento y captura de n\u00facleos terroristas internacionales\u00bb, prometiendo m\u00e1s informaci\u00f3n sobre estos esfuerzos en el futuro.<\/p>\n\n\n\n<p><strong>Prensa Presidencial \/ Eduardo Hueck<\/strong><\/p>\n","protected":false},"excerpt":{"rendered":"<p>Palacio de Miraflores, Caracas.- El presidente de la Rep\u00fablica Bolivariana de Venezuela, Nicol\u00e1s Maduro, revel\u00f3 que parte del plan del extremista Leopoldo L\u00f3pez para desestabilizar a la naci\u00f3n, consist\u00eda en la liberaci\u00f3n de criminales peligrosos. \u00ab(\u2026) Parte del plan de desestabilizaci\u00f3n era sacar a los pranes, con delincuentes armados coordinados por Leopoldo L\u00f3pez a trav\u00e9s [&hellip;]<\/p>\n","protected":false},"author":1,"featured_media":15196,"comment_status":"open","ping_status":"open","sticky":false,"template":"","format":"standard","meta":{"footnotes":""},"categories":[18,7],"tags":[1110,1109,482],"class_list":["post-15195","post","type-post","status-publish","format-standard","has-post-thumbnail","hentry","category-noticias-principales","category-notas-de-prensa","tag-alertas","tag-desestabilizacion","tag-planes"],"_links":{"self":[{"href":"https:\/\/prensapresidencialvenezuela.gob.ve\/index.php\/wp-json\/wp\/v2\/posts\/15195","targetHints":{"allow":["GET"]}}],"collection":[{"href":"https:\/\/prensapresidencialvenezuela.gob.ve\/index.php\/wp-json\/wp\/v2\/posts"}],"about":[{"href":"https:\/\/prensapresidencialvenezuela.gob.ve\/index.php\/wp-json\/wp\/v2\/types\/post"}],"author":[{"embeddable":true,"href":"https:\/\/prensapresidencialvenezuela.gob.ve\/index.php\/wp-json\/wp\/v2\/users\/1"}],"replies":[{"embeddable":true,"href":"https:\/\/prensapresidencialvenezuela.gob.ve\/index.php\/wp-json\/wp\/v2\/comments?post=15195"}],"version-history":[{"count":2,"href":"https:\/\/prensapresidencialvenezuela.gob.ve\/index.php\/wp-json\/wp\/v2\/posts\/15195\/revisions"}],"predecessor-version":[{"id":15198,"href":"https:\/\/prensapresidencialvenezuela.gob.ve\/index.php\/wp-json\/wp\/v2\/posts\/15195\/revisions\/15198"}],"wp:featuredmedia":[{"embeddable":true,"href":"https:\/\/prensapresidencialvenezuela.gob.ve\/index.php\/wp-json\/wp\/v2\/media\/15196"}],"wp:attachment":[{"href":"https:\/\/prensapresidencialvenezuela.gob.ve\/index.php\/wp-json\/wp\/v2\/media?parent=15195"}],"wp:term":[{"taxonomy":"category","embeddable":true,"href":"https:\/\/prensapresidencialvenezuela.gob.ve\/index.php\/wp-json\/wp\/v2\/categories?post=15195"},{"taxonomy":"post_tag","embeddable":true,"href":"https:\/\/prensapresidencialvenezuela.gob.ve\/index.php\/wp-json\/wp\/v2\/tags?post=15195"}],"curies":[{"name":"wp","href":"https:\/\/api.w.org\/{rel}","templated":true}]}}