{"id":15206,"date":"2024-11-29T19:08:27","date_gmt":"2024-11-29T23:08:27","guid":{"rendered":"https:\/\/prensapresidencialvenezuela.gob.ve\/?p=15206"},"modified":"2024-11-29T19:08:27","modified_gmt":"2024-11-29T23:08:27","slug":"leila-khaled-esta-es-una-batalla-de-liberacion-y-estamos-decididos-a-ser-gigantes","status":"publish","type":"post","link":"https:\/\/prensapresidencialvenezuela.gob.ve\/index.php\/2024\/11\/29\/leila-khaled-esta-es-una-batalla-de-liberacion-y-estamos-decididos-a-ser-gigantes\/","title":{"rendered":"Leila Khaled: \u00abEsta es una batalla de liberaci\u00f3n y estamos decididos a ser gigantes\u00bb."},"content":{"rendered":"\n<p><strong>La Casona Cultural Aquiles Nazoa, Caracas.-<\/strong>\u00a0 \u00abAnhelamos liberar nuestra primera Patria, donde est\u00e1 nuestra dignidad, as\u00ed como la de un pueblo que ha escogido un Presidente con mucha dignidad, llamado Nicol\u00e1s Maduro, porque sabemos el significado de la libertad que ustedes gozan hoy, anhelamos disfrutar la de misma libertad a pesar de haber pasado tantos sacrificios\u00bb, asever\u00f3 la lideresa hist\u00f3rica de la resistencia Palestina, Leila Khaled, haciendo referencia\u00a0 a la lucha que ha sostenido la Revoluci\u00f3n Bolivariana para consolidar la Patria de hoy en d\u00eda.<\/p>\n\n\n\n<p>En este sentido, la lideresa Khaled, se\u00f1al\u00f3 que \u00abGaza est\u00e1 sufriendo y muchos ni\u00f1os est\u00e1n muriendo\u00bb, y por ello su deseo ser\u00eda que en este siglo XXI, esa humanidad se detuviera por un momento ante el crimen m\u00e1s feroz del XLVIII, cuando estuvieron incapaces de disuadir y retar al sionismo internacional y de establecer sobre el suelo Palestino un Estado de destrucci\u00f3n y de guerras.<\/p>\n\n\n\n<p>Aunado a ello,&nbsp; la luchadora palestina y revolucionaria marxista, agreg\u00f3 que esa es una ofensiva que ha llevado Estados Unidos con su herramienta y el Estado Israel que le ha dado todo el poder\u00edo, recordando a su vez, que \u00abIsrael siempre venc\u00eda a los \u00e1rabes, pero hasta este momento Metaniajo, ese criminal de guerra, quiere cambiar el rostro del Medio Oriente, no quiere solamente exterminar al pueblo Palestino (\u2026) a ellos no les interesa la libertad de otros pueblos\u00bb.<\/p>\n\n\n\n<p>Por otra parte, Khaled resalt\u00f3 que Gaza tiene una superficie de 365 km cuadrados y est\u00e1 habitada por 2.5 millones de personas, quienes han sido bloqueados, pero sin embargo, con el diluvio del Axa, la superficie de Gaza se convirti\u00f3 en toda la humanidad, de todos los pueblos libres que levantaron la bandera Palestina, por lo que puntualiz\u00f3 que \u00abesta es una batalla de liberaci\u00f3n\u00bb.&nbsp;<\/p>\n\n\n\n<p>De acuerdo a estas declaraciones, la lideresa Palestina dijo que el pueblo palestino ha aprendido de los pueblos que han dado lucha, as\u00ed como&nbsp; lo ha hecho pueblo de Venezuela, que&nbsp; merece la libertad que tiene hoy en d\u00eda.<\/p>\n\n\n\n<p>\u00abNo estuvi\u00e9ramos aqu\u00ed si no hubiera libertad ni dignidad, donde hay un pueblo heroico que merece un gran l\u00edder, por eso le digo al presidente Maduro: Mi Presidente, estamos muy orgullosos de usted, de&nbsp; la misma manera que estamos orgullosos de ser palestinos (\u2026) estamos seguros de su liderazgo (\u2026) el camino es largo, sin embargo, se hace m\u00e1s corto (\u2026) nosotros vamos a vencer, esa es la verdad. Estamos de pie y no vamos a abandonar a nuestra tierra, no podr\u00e1n esos criminal, no van a poder expulsarnos de nuestra Patria. Estamos decidos a ser Gigantes\u00bb, expres\u00f3, como muestra de agradecimiento y admiraci\u00f3n hacia el Gobierno de Venezuela.<\/p>\n\n\n\n<p>Para finalizar, record\u00f3 a los m\u00e1rtires de los pueblos que decidieron ser libres, como al Comandante Ch\u00e1vez, Che Guevara, al h\u00e9roe Sim\u00f3n Bol\u00edvar, y a los&nbsp; m\u00e1rtires asesinados por manos sionistas, reiterando que \u00ablos m\u00e1rtires no mueren, siguen vivos en nuestros corazones y mentes. Seguiremos caminando en la direcci\u00f3n que da camino a la victoria\u00bb.<\/p>\n\n\n\n<p><strong>Prensa Presidencial\/ Irmary D\u00edaz<\/strong><\/p>\n","protected":false},"excerpt":{"rendered":"<p>La Casona Cultural Aquiles Nazoa, Caracas.-\u00a0 \u00abAnhelamos liberar nuestra primera Patria, donde est\u00e1 nuestra dignidad, as\u00ed como la de un pueblo que ha escogido un Presidente con mucha dignidad, llamado Nicol\u00e1s Maduro, porque sabemos el significado de la libertad que ustedes gozan hoy, anhelamos disfrutar la de misma libertad a pesar de haber pasado tantos [&hellip;]<\/p>\n","protected":false},"author":1,"featured_media":15207,"comment_status":"open","ping_status":"open","sticky":false,"template":"","format":"standard","meta":{"footnotes":""},"categories":[18,7],"tags":[38,27,20],"class_list":["post-15206","post","type-post","status-publish","format-standard","has-post-thumbnail","hentry","category-noticias-principales","category-notas-de-prensa","tag-diplomacia-bolivariana-de-paz","tag-revolucion-bolivariana","tag-venezuela"],"_links":{"self":[{"href":"https:\/\/prensapresidencialvenezuela.gob.ve\/index.php\/wp-json\/wp\/v2\/posts\/15206","targetHints":{"allow":["GET"]}}],"collection":[{"href":"https:\/\/prensapresidencialvenezuela.gob.ve\/index.php\/wp-json\/wp\/v2\/posts"}],"about":[{"href":"https:\/\/prensapresidencialvenezuela.gob.ve\/index.php\/wp-json\/wp\/v2\/types\/post"}],"author":[{"embeddable":true,"href":"https:\/\/prensapresidencialvenezuela.gob.ve\/index.php\/wp-json\/wp\/v2\/users\/1"}],"replies":[{"embeddable":true,"href":"https:\/\/prensapresidencialvenezuela.gob.ve\/index.php\/wp-json\/wp\/v2\/comments?post=15206"}],"version-history":[{"count":1,"href":"https:\/\/prensapresidencialvenezuela.gob.ve\/index.php\/wp-json\/wp\/v2\/posts\/15206\/revisions"}],"predecessor-version":[{"id":15208,"href":"https:\/\/prensapresidencialvenezuela.gob.ve\/index.php\/wp-json\/wp\/v2\/posts\/15206\/revisions\/15208"}],"wp:featuredmedia":[{"embeddable":true,"href":"https:\/\/prensapresidencialvenezuela.gob.ve\/index.php\/wp-json\/wp\/v2\/media\/15207"}],"wp:attachment":[{"href":"https:\/\/prensapresidencialvenezuela.gob.ve\/index.php\/wp-json\/wp\/v2\/media?parent=15206"}],"wp:term":[{"taxonomy":"category","embeddable":true,"href":"https:\/\/prensapresidencialvenezuela.gob.ve\/index.php\/wp-json\/wp\/v2\/categories?post=15206"},{"taxonomy":"post_tag","embeddable":true,"href":"https:\/\/prensapresidencialvenezuela.gob.ve\/index.php\/wp-json\/wp\/v2\/tags?post=15206"}],"curies":[{"name":"wp","href":"https:\/\/api.w.org\/{rel}","templated":true}]}}